{"id":493053,"date":"2020-07-29T11:50:20","date_gmt":"2020-07-29T15:50:20","guid":{"rendered":"https:\/\/diarioelpopular.com\/?p=493053"},"modified":"2020-07-29T11:50:20","modified_gmt":"2020-07-29T15:50:20","slug":"pinera-renueva-gabinete","status":"publish","type":"post","link":"https:\/\/diarioelpopular.com\/index.php\/2020\/07\/29\/pinera-renueva-gabinete\/","title":{"rendered":"Pi\u00f1era renueva gabinete"},"content":{"rendered":"<div id=\"attachment_493054\" style=\"width: 310px\" class=\"wp-caption alignnone\"><img loading=\"lazy\" decoding=\"async\" aria-describedby=\"caption-attachment-493054\" class=\"size-medium wp-image-493054\" src=\"https:\/\/diarioelpopular.com\/wp-content\/uploads\/2020\/07\/0ec6b17faa02e6c5275720a9f400fb1-300x190.jpg\" alt=\"\" width=\"300\" height=\"190\" \/><p id=\"caption-attachment-493054\" class=\"wp-caption-text\"><em>Pinera undertakes major ministerial change after defeat in pension reform (foto: EPA)<\/em><\/p><\/div>\n<h4><em><strong>La oposici\u00f3n lo tild\u00f3 de gabinete del &#8220;Rechazo&#8221;<\/strong><\/em><\/h4>\n<p>&nbsp;<\/p>\n<p><em><strong>SANTIAGO DE CHILE, 29 JUL &#8211;<\/strong><\/em> El presidente chileno, Sebasti\u00e1n Pi\u00f1era, intent\u00f3 balancear las dos almas que conviven en la derecha chilena al designar un nuevo gabinete, a menos de 100 d\u00edas del Plebiscito constitucional y la elecci\u00f3n de una inminente convenci\u00f3n constituyente.<br \/>\nEl cambio del comit\u00e9 pol\u00edtico surge en medio de la m\u00e1s profunda crisis que viven los dos partidos principales de Chile Vamos, sumada a la dura derrota del gobierno en el Parlamento donde se aprob\u00f3 con votos oficialistas la reforma para el retiro del 10% de los fondos previsionales, a lo que se opon\u00eda el Ejecutivo.<br \/>\nEn la cartera de Interior, Pi\u00f1era cedi\u00f3 a las presiones de los sectores duros y sac\u00f3 al joven Gonzalo Blumel, a quien hab\u00eda elegido a fines de octubre pasado para enfrentar el estallido social, luego que m\u00e1s de un mill\u00f3n de personas sali\u00f3 a las calles para exigir mayor igualdad.<br \/>\nEn su reemplazo nombr\u00f3 a uno de los rostros m\u00e1s duros del pinochetismo, el senador de la Uni\u00f3n Dem\u00f3crata Independiente (UDI), V\u00edctor P\u00e9rez, con una larga trayectoria parlamentaria desde los a\u00f1os 90 y muy cercano a la tambi\u00e9n dur\u00edsima presidenta de la fuerza, Jacqueline Van Rysselberghe. En Canciller\u00eda, coloc\u00f3 otro duro, el senador de Renovaci\u00f3n Nacional y exministro de Defensa, Andr\u00e9s Allamand, quien ya no s\u00f3lo presionaba sino que exig\u00eda un cambio de gabinete antes de este viernes, fecha de la cuenta del Ejecutivo ante el Congreso.<br \/>\nEl legislador reemplaza a Teodoro Ribera, quien se encontraba bien evaluado en su puesto.<br \/>\nAllamand es un ferviente partidario de la opci\u00f3n &#8220;Rechazo&#8221; en el Plebiscito del pr\u00f3ximo 25 de octubre.<br \/>\nPara intentar equilibrar, el mandatario logr\u00f3 convencer para el cargo en Defensa al presidente de RN, el diputado Mario Desbordes, quien desde el estallido social del 18-O ha tenido posturas m\u00e1s moderadas y cercanas a la ciudadan\u00eda. De hecho, las encuestas lo sit\u00faan como uno de los pocos pol\u00edticos bien evaluados.<br \/>\nEn el ministerio de la Presidencia, cartera que hace de enlace con el Congreso, nomin\u00f3 a Cristi\u00e1n Monkeberg, tambi\u00e9n de RN. En el Ministerio Secretar\u00eda de Gobierno design\u00f3 a Jaime Bellolio, representante del ala menos dura de la UDI.<br \/>\nBellolio reemplazar\u00e1 a Karla Rubilar, quien no obstante seguir\u00e1 en el comit\u00e9 pol\u00edtico al pasar a ocupar el Ministerio de Desarrollo Social.<br \/>\nEl presidente Pi\u00f1era se\u00f1al\u00f3 en la ceremonia del cambio de mando que: &#8220;nuestro gobierno tiene un deber y una responsabilidad, que es conducir los destinos de nuestro pa\u00eds en estos tiempos cruciales y trascendentes durante los pr\u00f3ximos 20 meses&#8221;.<br \/>\n&#8220;Son muchos y exigentes los problemas que tendremos que enfrentar, los desaf\u00edos que tendremos que cumplir y las oportunidades que deberemos impulsar&#8221;, sostuvo.<br \/>\nMarc\u00f3 como prioritaria la pandemia del coronavirus; el fortalecimiento y despliegue de la red de protecci\u00f3n social en dicho contexto; impulsar la recuperaci\u00f3n de la econom\u00eda; impulso a la segunda etapa de la reforma del sistema previsional; asegurar el orden p\u00fablico y resguardar la seguridad ciudadana.<br \/>\n&#8220;Convoco a este nuevo gabinete y a todo Chile Vamos a emprender una nueva etapa para nuestro Gobierno y para nuestro pa\u00eds, con un verdadero esp\u00edritu constructivo, con convicci\u00f3n, con unidad, con fe y con esperanza&#8221;, afirm\u00f3.<br \/>\nAsimismo, pidi\u00f3 &#8220;la colaboraci\u00f3n y los aportes a trav\u00e9s del di\u00e1logo y los acuerdos a los partidos de oposici\u00f3n, a los diputados, a los senadores&#8221; y a toda la sociedad civil.<br \/>\nEl ajuste ministerial provoc\u00f3 de inmediato la reacci\u00f3n de la oposici\u00f3n que tild\u00f3 los nuevos rostros como &#8220;el gabinete del rechazo&#8221;.<br \/>\nPara el presidente del partido Socialista, Alvaro Elizalde, el mandatario opt\u00f3 por fortalecer &#8220;a los sectores m\u00e1s duros del oficialismo, sin duda que es una se\u00f1al que quiz\u00e1s le permita ordenar a las bancadas oficialistas pero que lo va a alejar m\u00e1s a\u00fan de la ciudadan\u00eda&#8221;.<br \/>\nEl timonel del Partido Radical, Carlos Maldonado, sostuvo que Pi\u00f1era &#8220;a partir del estallido social no ha encontrado la manera de interpretar la nueva realidad y sigue dando se\u00f1ales equivocadas. Hoy claramente es un retorno de la vieja guardia, a la derecha dura, la UDI anterior&#8221;. El senador dem\u00f3crata cristiano, Jorge Pizarro, consider\u00f3 que &#8220;lo que est\u00e1 haciendo Pi\u00f1era es recurrir a la derecha m\u00e1s ortodoxa, m\u00e1s dura, m\u00e1s tradicional en la pol\u00edtica. No es casualidad que tenga que nombrar a tres ex presidentes de partidos para tratar de darle gobernabilidad a su propio partido&#8221;.<\/p>\n","protected":false},"excerpt":{"rendered":"<p>La oposici\u00f3n lo tild\u00f3 de gabinete del &#8220;Rechazo&#8221; &nbsp; SANTIAGO DE CHILE, 29 JUL &#8211; El presidente chileno, Sebasti\u00e1n Pi\u00f1era, intent\u00f3 balancear las dos almas&hellip;<\/p>\n","protected":false},"author":99,"featured_media":0,"comment_status":"open","ping_status":"open","sticky":false,"template":"","format":"standard","meta":{"footnotes":""},"categories":[23],"tags":[],"class_list":["post-493053","post","type-post","status-publish","format-standard","hentry","category-latinoamerica"],"_links":{"self":[{"href":"https:\/\/diarioelpopular.com\/index.php\/wp-json\/wp\/v2\/posts\/493053","targetHints":{"allow":["GET"]}}],"collection":[{"href":"https:\/\/diarioelpopular.com\/index.php\/wp-json\/wp\/v2\/posts"}],"about":[{"href":"https:\/\/diarioelpopular.com\/index.php\/wp-json\/wp\/v2\/types\/post"}],"author":[{"embeddable":true,"href":"https:\/\/diarioelpopular.com\/index.php\/wp-json\/wp\/v2\/users\/99"}],"replies":[{"embeddable":true,"href":"https:\/\/diarioelpopular.com\/index.php\/wp-json\/wp\/v2\/comments?post=493053"}],"version-history":[{"count":1,"href":"https:\/\/diarioelpopular.com\/index.php\/wp-json\/wp\/v2\/posts\/493053\/revisions"}],"predecessor-version":[{"id":493055,"href":"https:\/\/diarioelpopular.com\/index.php\/wp-json\/wp\/v2\/posts\/493053\/revisions\/493055"}],"wp:attachment":[{"href":"https:\/\/diarioelpopular.com\/index.php\/wp-json\/wp\/v2\/media?parent=493053"}],"wp:term":[{"taxonomy":"category","embeddable":true,"href":"https:\/\/diarioelpopular.com\/index.php\/wp-json\/wp\/v2\/categories?post=493053"},{"taxonomy":"post_tag","embeddable":true,"href":"https:\/\/diarioelpopular.com\/index.php\/wp-json\/wp\/v2\/tags?post=493053"}],"curies":[{"name":"wp","href":"https:\/\/api.w.org\/{rel}","templated":true}]}}