{"id":493060,"date":"2020-07-29T23:00:37","date_gmt":"2020-07-30T03:00:37","guid":{"rendered":"https:\/\/diarioelpopular.com\/?p=493060"},"modified":"2020-07-29T23:00:37","modified_gmt":"2020-07-30T03:00:37","slug":"protestas-por-postergacion-electoral","status":"publish","type":"post","link":"https:\/\/diarioelpopular.com\/index.php\/2020\/07\/29\/protestas-por-postergacion-electoral\/","title":{"rendered":"Protestas por postergaci\u00f3n electoral"},"content":{"rendered":"<div id=\"attachment_493061\" style=\"width: 310px\" class=\"wp-caption alignnone\"><img loading=\"lazy\" decoding=\"async\" aria-describedby=\"caption-attachment-493061\" class=\"size-medium wp-image-493061\" src=\"https:\/\/diarioelpopular.com\/wp-content\/uploads\/2020\/07\/27528308b35b6db2b38d97a5f7b462fd-300x200.jpg\" alt=\"\" width=\"300\" height=\"200\" \/><p id=\"caption-attachment-493061\" class=\"wp-caption-text\"><em>Protestas por postergaci\u00f3n electoral (foto: EPA)<\/em><\/p><\/div>\n<h4><em>Gobierno critica manifestaciones y minimiza el impacto<\/em><\/h4>\n<p>&nbsp;<\/p>\n<p><em><strong>LA PAZ, 29 JUL &#8211;<\/strong><\/em> Miles de personas salieron a las calles en toda Bolivia despu\u00e9s de la decisi\u00f3n del Tribunal Supremo Electoral (TSE) de postergar las elecciones generales previstas para el 6 de septiembre al 18 de octubre a causa de la persistencia de la pandemia de coronavirus.<br \/>\nConvocada por la Central Obrera de Bolivia (COB), las manifestaciones recibieron la adhesi\u00f3n de organizaciones y movimientos cercanos al Movimiento al Socialismo (MAS) del ex presidente Evo Morales y se desarrollaron en muchas localidades, entre ellas La Paz, El Alto, Santa Cruz de la Sierra, Cochabamba y Chuquisaca.<br \/>\nEl gobierno critic\u00f3 duramente la decisi\u00f3n de protestar en un momento de pico de contagios de Covid-19, a trav\u00e9s del ministro del Interior, Arturo Murillo, que minimizo el impacto de la procesi\u00f3n y de los bloqueos camineros que tendr\u00e1n como \u00fanico efecto aquel de propagar el virus.<br \/>\nA trav\u00e9s de su cuenta de Twitter, en cambio, Morales celebr\u00f3 la iniciativa saludando &#8220;el gran esfuerzo de la poblaci\u00f3n que, pese a todas las dificultades, se manifest\u00f3 hoy por la vida y la democracia. Es la gran conciencia de los bolivianos -concluy\u00f3- que saben que los grandes problemas se resuelven con la unidad por nuestra dignidad y soberan\u00eda&#8221;.<br \/>\nLos medios bolivianos se\u00f1alaron la existencia de actos vand\u00e1licos en las manifestaciones desarrolladas en El Alto.<br \/>\nDurante un &#8220;cabildo abierto&#8221;, fue pedido al Tribunal Supremo Electoral de revocar al aplazamiento a octubre de las elecciones presidenciales y legislativas.<br \/>\nSi esto no sucediera dentro de las 72 horas, advirtieron los dirigentes de la COB, desde el 3 de agosto comenzar\u00e1 una huelga por tiempo indeterminado, con bloqueos camineros en todo el pa\u00eds.<\/p>\n","protected":false},"excerpt":{"rendered":"<p>Gobierno critica manifestaciones y minimiza el impacto &nbsp; LA PAZ, 29 JUL &#8211; Miles de personas salieron a las calles en toda Bolivia despu\u00e9s de&hellip;<\/p>\n","protected":false},"author":99,"featured_media":0,"comment_status":"open","ping_status":"open","sticky":false,"template":"","format":"standard","meta":{"footnotes":""},"categories":[23],"tags":[],"class_list":["post-493060","post","type-post","status-publish","format-standard","hentry","category-latinoamerica"],"_links":{"self":[{"href":"https:\/\/diarioelpopular.com\/index.php\/wp-json\/wp\/v2\/posts\/493060","targetHints":{"allow":["GET"]}}],"collection":[{"href":"https:\/\/diarioelpopular.com\/index.php\/wp-json\/wp\/v2\/posts"}],"about":[{"href":"https:\/\/diarioelpopular.com\/index.php\/wp-json\/wp\/v2\/types\/post"}],"author":[{"embeddable":true,"href":"https:\/\/diarioelpopular.com\/index.php\/wp-json\/wp\/v2\/users\/99"}],"replies":[{"embeddable":true,"href":"https:\/\/diarioelpopular.com\/index.php\/wp-json\/wp\/v2\/comments?post=493060"}],"version-history":[{"count":1,"href":"https:\/\/diarioelpopular.com\/index.php\/wp-json\/wp\/v2\/posts\/493060\/revisions"}],"predecessor-version":[{"id":493062,"href":"https:\/\/diarioelpopular.com\/index.php\/wp-json\/wp\/v2\/posts\/493060\/revisions\/493062"}],"wp:attachment":[{"href":"https:\/\/diarioelpopular.com\/index.php\/wp-json\/wp\/v2\/media?parent=493060"}],"wp:term":[{"taxonomy":"category","embeddable":true,"href":"https:\/\/diarioelpopular.com\/index.php\/wp-json\/wp\/v2\/categories?post=493060"},{"taxonomy":"post_tag","embeddable":true,"href":"https:\/\/diarioelpopular.com\/index.php\/wp-json\/wp\/v2\/tags?post=493060"}],"curies":[{"name":"wp","href":"https:\/\/api.w.org\/{rel}","templated":true}]}}