{"id":493074,"date":"2020-07-30T08:21:18","date_gmt":"2020-07-30T12:21:18","guid":{"rendered":"https:\/\/diarioelpopular.com\/?p=493074"},"modified":"2020-07-30T08:21:18","modified_gmt":"2020-07-30T12:21:18","slug":"polemica-por-fiesta-de-15-anos-con-800-invitados-en-mexico","status":"publish","type":"post","link":"https:\/\/diarioelpopular.com\/index.php\/2020\/07\/30\/polemica-por-fiesta-de-15-anos-con-800-invitados-en-mexico\/","title":{"rendered":"Pol\u00e9mica por fiesta de 15 a\u00f1os con 800 invitados en M\u00e9xico"},"content":{"rendered":"<div id=\"attachment_493075\" style=\"width: 310px\" class=\"wp-caption alignnone\"><img loading=\"lazy\" decoding=\"async\" aria-describedby=\"caption-attachment-493075\" class=\"size-medium wp-image-493075\" src=\"https:\/\/diarioelpopular.com\/wp-content\/uploads\/2020\/07\/5f21e62400873-300x150.jpeg\" alt=\"\" width=\"300\" height=\"150\" \/><p id=\"caption-attachment-493075\" class=\"wp-caption-text\"><em>La mujer asegur\u00f3 que pese a la interrupci\u00f3n de las autoridades, disfrut\u00f3 de la fiesta.<\/em><br \/><em>Foto: Google Maps<\/em><\/p><\/div>\n<h4><em><strong>La madre de la cumplea\u00f1era argument\u00f3 que sus invitados hab\u00edan venido &#8216;desde lejos&#8217;.\u00a0<\/strong><\/em><\/h4>\n<p>&nbsp;<\/p>\n<div class=\"articulo-autor\">\n<div class=\"fecha-publicacion-bk\"><span class=\"fecha\"><em><strong>MEXICO.<\/strong><\/em> 30 de julio 2020.-\u00a0<\/span><span style=\"line-height: 1.5;\">En medio de la pandemia que azota a <\/span><a style=\"line-height: 1.5;\" href=\"https:\/\/www.eltiempo.com\/mundo\/latinoamerica\/www.eltiempo.com\" target=\"_blank\" rel=\"noopener\">Latinoam\u00e9rica<\/a><span style=\"line-height: 1.5;\">,<\/span><span style=\"line-height: 1.5;\"> una fiesta de quince a\u00f1os congreg\u00f3 al menos a 800 personas en el municipio de Pabell\u00f3n de Arteaga del estado de Aguascalientes<\/span><span style=\"line-height: 1.5;\">, en el centro de M\u00e9xico.\u00a0<\/span><\/div>\n<\/div>\n<div class=\"articulo-contenido\">\n<div class=\"modulos\">\n<p id=\"p523652-m323-322-324\" class=\"contenido\">Faltando quince minutos para que se acabara la fiesta, los organizadores decidieron suspenderla por \u00f3rdenes de la <a href=\"https:\/\/www.gob.mx\/policiafederal\" target=\"_blank\" rel=\"noopener\">Polic\u00eda Federal<\/a> y la Guardia Sanitaria, report\u00f3 el peri\u00f3dico mexicano \u2018<a href=\"https:\/\/www.excelsior.com.mx\/\" target=\"_blank\" rel=\"noopener\">Exc\u00e9lsior<\/a>\u2019.<\/p>\n<p id=\"p523652-m367-2-368\" class=\"contenido\">En im\u00e1genes difundidas por la cadena \u2018<a href=\"https:\/\/www.imagentv.com\/\" target=\"_blank\" rel=\"noopener\">Imagen Televisi\u00f3n<\/a>\u2019 se ve que la fiesta contaba con una tarima y hasta con una pista de baile llena de parejas separadas entre s\u00ed por algunos metros.<\/p>\n<p>Marta Magdaleno, la madre de la quincea\u00f1era defendi\u00f3 el evento\u00a0masivo dici\u00e9ndole al mismo medio que \u201cla gente quer\u00eda divertirse\u201d.<\/p>\n<p>De igual forma, acept\u00f3 que no acat\u00f3 de inmediato la orden de suspensi\u00f3n de la <a href=\"https:\/\/www.eltiempo.com\/mundo\/latinoamerica\/www.eltiempo.com\/noticias\/polic%C3%ADa\" target=\"_blank\" rel=\"noopener\">Polic\u00eda<\/a>\u201cporque la gente llegaba, entre y entre, y yo me dec\u00eda c\u00f3mo los dejo afuera sin comer\u2019\u201d, dijo en entrevista con la cadena mexicana.<\/p>\n<p class=\"contenido\">Dios es bien grande, si nuestro destino es morir de esto (coronavirus), de esto nos vamos a morir.<\/p>\n<p id=\"p523652-m397-4-398\" class=\"contenido\">Por otro lado, los organizadores del cumplea\u00f1os aseguraron haber repartido\u00a0<a href=\"https:\/\/www.eltiempo.com\/mundo\/latinoamerica\/www.eltiempo.com\/noticias\/tapabocas\" target=\"_blank\" rel=\"noopener\">tapabocas <\/a>y antibacterial, aunque, como evidencian las palabras de Magdaleno, para ella las medidas de seguridad no eran la primera prioridad.<\/p>\n<p>\u201cDios es bien grande, si nuestro destino es morir de esto (coronavirus), de esto nos vamos a morir\u201d, le dijo la madre a \u2018Exc\u00e9lsor\u2019.<\/p>\n<p>Cuando Magdaleno fue cuestionada en entrevista con \u2018Imagen\u2019 por no tener en cuenta la medidas de bioseguridad para aplanar la curva de casos en su pa\u00eds, dijo que ella no \u2018toma a mal\u2019 cuidarse, pero que los cr\u00edticos \u201ctienen que entender que uno necesita su espacio\u201d.<\/p>\n<p>Por su parte, la joven festejada le expres\u00f3 su confusi\u00f3n al canal: \u201cM\u00e1s lejos de Aguascalientes ya est\u00e1n en amarillo y ya tienen permitido (reunirse), entonces no s\u00e9 ac\u00e1 porque no\u201d.<\/p>\n<p>Finalmente Magdaleno concluy\u00f3 en los micr\u00f3fonos de &#8216;Imagen&#8217; que la &#8220;hab\u00edan pasado bien&#8221; en el cumplea\u00f1os a pesar de que a cada rato &#8220;los quer\u00edan parar\u201d.<\/p>\n<p>En Pabell\u00f3n de Arteaga, que cuenta con una poblaci\u00f3n de m\u00e1s de 25.000 personas, hay 122 casos confirmados de covid-19, seg\u00fan \u2018Exc\u00e9lsior\u2019. Adem\u00e1s, en <a href=\"https:\/\/www.eltiempo.com\/mundo\/latinoamerica\/www.eltiempo.com\/noticias\" target=\"_blank\" rel=\"noopener\">M\u00e9xico <\/a>las cifras sobrepasan los 400 mil contagios y las 40 mil muertes, de acuerdo con datos oficiales del gobierno de ese pa\u00eds.<\/p>\n<\/div>\n<\/div>\n","protected":false},"excerpt":{"rendered":"<p>La madre de la cumplea\u00f1era argument\u00f3 que sus invitados hab\u00edan venido &#8216;desde lejos&#8217;.\u00a0 &nbsp; MEXICO. 30 de julio 2020.-\u00a0En medio de la pandemia que azota&hellip;<\/p>\n","protected":false},"author":99,"featured_media":0,"comment_status":"open","ping_status":"open","sticky":false,"template":"","format":"standard","meta":{"footnotes":""},"categories":[23],"tags":[],"class_list":["post-493074","post","type-post","status-publish","format-standard","hentry","category-latinoamerica"],"_links":{"self":[{"href":"https:\/\/diarioelpopular.com\/index.php\/wp-json\/wp\/v2\/posts\/493074","targetHints":{"allow":["GET"]}}],"collection":[{"href":"https:\/\/diarioelpopular.com\/index.php\/wp-json\/wp\/v2\/posts"}],"about":[{"href":"https:\/\/diarioelpopular.com\/index.php\/wp-json\/wp\/v2\/types\/post"}],"author":[{"embeddable":true,"href":"https:\/\/diarioelpopular.com\/index.php\/wp-json\/wp\/v2\/users\/99"}],"replies":[{"embeddable":true,"href":"https:\/\/diarioelpopular.com\/index.php\/wp-json\/wp\/v2\/comments?post=493074"}],"version-history":[{"count":1,"href":"https:\/\/diarioelpopular.com\/index.php\/wp-json\/wp\/v2\/posts\/493074\/revisions"}],"predecessor-version":[{"id":493076,"href":"https:\/\/diarioelpopular.com\/index.php\/wp-json\/wp\/v2\/posts\/493074\/revisions\/493076"}],"wp:attachment":[{"href":"https:\/\/diarioelpopular.com\/index.php\/wp-json\/wp\/v2\/media?parent=493074"}],"wp:term":[{"taxonomy":"category","embeddable":true,"href":"https:\/\/diarioelpopular.com\/index.php\/wp-json\/wp\/v2\/categories?post=493074"},{"taxonomy":"post_tag","embeddable":true,"href":"https:\/\/diarioelpopular.com\/index.php\/wp-json\/wp\/v2\/tags?post=493074"}],"curies":[{"name":"wp","href":"https:\/\/api.w.org\/{rel}","templated":true}]}}