{"id":493077,"date":"2020-07-30T08:49:57","date_gmt":"2020-07-30T12:49:57","guid":{"rendered":"https:\/\/diarioelpopular.com\/?p=493077"},"modified":"2020-07-30T08:49:57","modified_gmt":"2020-07-30T12:49:57","slug":"las-preocupantes-cifras-de-covid-19-en-latinoamerica","status":"publish","type":"post","link":"https:\/\/diarioelpopular.com\/index.php\/2020\/07\/30\/las-preocupantes-cifras-de-covid-19-en-latinoamerica\/","title":{"rendered":"Las preocupantes cifras de covid-19 en Latinoam\u00e9rica"},"content":{"rendered":"<h4><em><strong>Una enorme ola de contagios deja preocupantes registros Brasil, Colombia adem\u00e1s de EE.UU.<\/strong><\/em><\/h4>\n<p>&nbsp;<\/p>\n<p id=\"p523842-m3137-3136-3138\" class=\"contenido\">&#8220;No se trata de una segunda ola del virus, sino de una simple ola&#8221; que est\u00e1 generando estragos en el mundo -ha explicado la OMS-, y que ahora est\u00e1 golpeando con fuerza a Am\u00e9rica tras las reaperturas econ\u00f3micas aparentemente prematuras en varios pa\u00edses de la regi\u00f3n.<\/p>\n<p>Los casos globales del coronavirus superaron los 16,5 millones, mientras que los fallecidos se elevaron a 656.127, seg\u00fan los datos oficiales de la Organizaci\u00f3n Mundial de la Salud (OMS).<\/p>\n<p class=\"contenido\">Am\u00e9rica ya registra 4,35 millones y 182.867 muertes y este mi\u00e9rcoles un protagonista entr\u00f3 en escena: Colombia, que figura como nuevo foco de contagio en la regi\u00f3n con m\u00e1s de 10.000 casos en un d\u00eda, mientras que Estados Unidos super\u00f3 los 150.000 fallecidos.<\/p>\n<p>Brasil, segundo en el mundo con m\u00e1s casos, lleg\u00f3 a los 2,5 millones de contagiados mientras que el n\u00famero de fallecidos se elev\u00f3 a 90.134, seguido por M\u00e9xico (402.697 contagios y 44.876 decesos) y Per\u00fa (395.005 casos y 18.612 fallecidos).<\/p>\n<p><em><strong><span id=\"p523842-m3187-3-3188\" class=\"articulo-subtitulo\">De vuelta a las cuarentenas fase cero<\/span><\/strong><\/em><\/p>\n<p id=\"p523842-m3193-4-3194\" class=\"contenido\">En el departamento paraguayo de Alto Paran\u00e1, cuya capital es Ciudad del Este, el motor del comercio fronterizo retroceder\u00e1 de forma &#8220;inmediata&#8221; a la fase cero, la m\u00e1s estricta de la cuarentena, para mitigar la expansi\u00f3n del coronavirus en ese territorio, el que m\u00e1s casos acumula en el pa\u00eds con el 40 % de los m\u00e1s de 4.000 positivos.<br \/>\nAlto Paran\u00e1 estaba ya en la mira de la cartera sanitaria, que la considera como una especie de zona roja debido a la circulaci\u00f3n viral y a su proximidad con Brasil.<\/p>\n<p>Una situaci\u00f3n que en Colombia se ha aplicado en ciudades como Medell\u00edn o Bogot\u00e1, en donde la Alcald\u00eda de la capital intensific\u00f3 hace tres semanas la cuarentena escalonada por barrios y desde el lunes recomend\u00f3 un confinamiento total para quienes sufran de hipertensi\u00f3n, diabetes y obesidad.<\/p>\n<p>El Gobierno colombiano prolong\u00f3 un mes m\u00e1s la cuarentena, medida recibida con escepticismo por los expertos dadas las numerosas excepciones vigentes en el pa\u00eds, que acumula 276.055 contagios y 9.454 muertes, con un registro alarmante este mi\u00e9rcoles de 380 fallecidos en las \u00faltimas 24 horas.<\/p>\n<p><em><strong><span id=\"p523842-m3199-5-3200\" class=\"articulo-subtitulo\">Nuevas reaperturas econ\u00f3micas<\/span><\/strong><\/em><\/p>\n<p id=\"p523842-m3205-6-3206\" class=\"contenido\">Guatemala se lanz\u00f3 este lunes a nuevas medidas de reapertura econ\u00f3mica y flexibilizaci\u00f3n paulatina de las restricciones impuestas hace cuatro meses, lo que genera temor por un posible incremento de los contagios dada la situaci\u00f3n regional.<\/p>\n<p>A pesar de que casi la mitad del territorio nacional sigue en alerta roja por los m\u00e1s de 45.000 contagios y 1.700 muertes, el Gobierno espera que la reactivaci\u00f3n ayude a paliar la situaci\u00f3n de crisis en el pa\u00eds.<\/p>\n<p>Intentos que tambi\u00e9n realiza Honduras desde este mi\u00e9rcoles, despu\u00e9s de casi cinco meses de confinamiento, al dar luz verde a que varios sectores de la econom\u00eda se reactiven aunque hay dudas sobre ello porque los casos siguen en aumento, con 39.000 contagios y m\u00e1s de 1.100 muertos.<\/p>\n<p>Costa Rica, por su parte, con 16.800 infectados y 133 muertos, present\u00f3 un calendario con periodos de apertura y de cierre de actividades econ\u00f3micas que aplicar\u00e1 durante el mes de agosto con el objetivo de dar un respiro a la econom\u00eda y tratando de hacer un balance sanitario.<\/p>\n<div id=\"p523842-m3430-7-3431\" class=\"fotografia\">\n<div class=\"imagen-cuerpo-bk\">\n<figure id=\"m3435-3434-3436\" class=\"foto-galeria-articulo\"><img decoding=\"async\" src=\"https:\/\/www.eltiempo.com\/files\/article_content\/uploads\/2020\/06\/30\/5efbaa7bce9c0.jpeg\" alt=\"Costa Rica coronavirus\" width=\"600px\" height=\"450px\" data-original=\"\/files\/article_content\/uploads\/2020\/06\/30\/5efbaa7bce9c0.jpeg\" \/><\/figure>\n<\/div>\n<div class=\"figcaption-cuerpo-bk credito-image-bk\">\n<div class=\"titulo-foto-bk\">\n<p id=\"m3442-1-3443\" class=\"titulo\">Costa Rica tiene un balance de\u00a0con 16.800 infectados y 133 muertos a la fecha.<\/p>\n<\/div>\n<div class=\"credito-apertura-strong-bk credito-image-bk\">Foto:\u00a0<span style=\"line-height: 1.5;\">AFP<\/span><\/div>\n<\/div>\n<\/div>\n<p id=\"p523842-m3411-7-3412\" class=\"contenido\">Debido al alto riesgo de contagio de ciertas actividades de concentraci\u00f3n masiva permanecer\u00e1n inhabilitados en su totalidad los espect\u00e1culos p\u00fablicos, los festejos populares, las actividades de entretenimiento en centros comerciales, entre otros, y se mantiene el cierre de bares, discotecas, actividades y procesiones religiosas.<\/p>\n<p><em><strong><span id=\"p523842-m3211-7-3212\" class=\"articulo-subtitulo\">Regulaci\u00f3n a compra de alimentos<\/span><\/strong><\/em><\/p>\n<p id=\"p523842-m3217-8-3218\" class=\"contenido\">Ante el avance del coronavirus en pa\u00edses vecinos como Colombia y Brasil, una nueva regulaci\u00f3n para la compra de alimentos, basada en la c\u00e9dula de identidad, despert\u00f3 el temor a una nueva etapa de escasez en el estado venezolano de Miranda, que alberga buena parte de Caracas.<\/p>\n<div id=\"p523842-m3223-9-3224\" class=\"fotografia\">\n<div class=\"imagen-cuerpo-bk\">\n<figure id=\"m3228-3227-3229\" class=\"foto-galeria-articulo\"><img decoding=\"async\" src=\"https:\/\/www.eltiempo.com\/files\/article_content\/uploads\/2020\/03\/13\/5e6b91588a90a.jpeg\" alt=\"Venezuela coronavirus\" width=\"600px\" height=\"450px\" data-original=\"\/files\/article_content\/uploads\/2020\/03\/13\/5e6b91588a90a.jpeg\" \/><\/figure>\n<\/div>\n<div class=\"figcaption-cuerpo-bk credito-image-bk\">\n<div class=\"titulo-foto-bk\">\n<p id=\"m3235-1-3236\" class=\"titulo\">El estado venezolano de Miranda, que alberga buena parte de Caracas, es uno de los m\u00e1s afectados por el virus.<\/p>\n<\/div>\n<div class=\"credito-apertura-strong-bk credito-image-bk\">Foto:\u00a0<span style=\"line-height: 1.5;\">EFE<\/span><\/div>\n<\/div>\n<\/div>\n<p id=\"p523842-m3249-10-3250\" class=\"contenido\">El gobernador del estado de Miranda, H\u00e9ctor Rodr\u00edguez, anunci\u00f3 que las compras de alimentos se organizar\u00edan de nuevo a trav\u00e9s de la c\u00e9dula de identidad, como suced\u00eda durante la escasez. Venezuela ha reportado 16.571 casos y 151 muertos.<\/p>\n<p>En el Caribe, Bahamas contin\u00faa a la cabeza en el crecimiento de casos de covid-19 con 447 contagios, mientras que Surinam es otro de los pa\u00edses m\u00e1s afectados en la regi\u00f3n con 1.510 y 24 muertes, concentradas principalmente en las ciudades de Paramaribo y Wanica.<\/p>\n<p>Jamaica por su parte registra en estos momentos 855 casos y 24 muertes por coronavirus, mientras que su primer ministro, Andrew Holness, dijo en el Parlamento que fue informado de 50 violaciones de cuarentena por personas que est\u00e1n ahora bajo investigaci\u00f3n y a la espera de cargos.<\/p>\n<p><em><strong><span id=\"p523842-m3255-11-3256\" class=\"articulo-subtitulo\">Cierre de negocios por rebrotes<\/span><\/strong><\/em><\/p>\n<p id=\"p523842-m3261-12-3262\" class=\"contenido\">Estados Unidos, el pa\u00eds n\u00famero uno en el mundo en contagios y muertes, sigue sufriendo los efectos negativos de la reapertura y su situaci\u00f3n se agrava con episodios como el sucedido en Los \u00c1ngeles, donde las autoridades ordenaron el cierre de tres instalaciones de distribuci\u00f3n de alimentos que no informaron de brotes que hab\u00edan enfermado a m\u00e1s de 140 empleados.<\/p>\n<p>Los contagios siguen aumentando en el oeste y sur del pa\u00eds, y ya suma 4,39 millones de casos confirmados. El recuento independiente de la Universidad Johns Hopkins cifr\u00f3 en 150.034 los fallecimientos, lo que supone un 22,6 % del total de muertes en el mundo, que este mi\u00e9rcoles sumaban 662.297.<\/p>\n<div id=\"p523842-m3267-13-3268\" class=\"fotografia\">\n<div class=\"imagen-cuerpo-bk\">\n<figure id=\"m3272-3271-3273\" class=\"foto-galeria-articulo\"><img decoding=\"async\" src=\"https:\/\/www.eltiempo.com\/files\/article_content\/uploads\/2020\/05\/05\/5eb1fef1eecdf.jpeg\" alt=\"Coronavirus en EE.UU.\" width=\"600px\" height=\"450px\" data-original=\"\/files\/article_content\/uploads\/2020\/05\/05\/5eb1fef1eecdf.jpeg\" \/><\/figure>\n<\/div>\n<div class=\"figcaption-cuerpo-bk credito-image-bk\">\n<div class=\"titulo-foto-bk\">\n<p id=\"m3279-1-3280\" class=\"titulo\">Los contagios en EE. UU. siguen aumentando en el oeste y sur del pa\u00eds, y ya suma 4,39 millones de casos confirmados.<\/p>\n<\/div>\n<div class=\"credito-apertura-strong-bk credito-image-bk\">Foto:\u00a0<span style=\"line-height: 1.5;\">AFP<\/span><\/div>\n<\/div>\n<\/div>\n<p id=\"p523842-m3293-14-3294\" class=\"contenido\">California, que de ser un pa\u00eds ser\u00eda la quinta econom\u00eda mundial y cuenta con una poblaci\u00f3n cercana a los 40 millones habitantes, est\u00e1 al frente de las cifras nacionales, con 473.785 casos. Le siguen Florida, con 451.413 positivos, y Nueva York (413.593), que fue a comienzos de la pandemia el estado m\u00e1s afectado en cuanto a enfermos y fallecidos.<\/p>\n","protected":false},"excerpt":{"rendered":"<p>Una enorme ola de contagios deja preocupantes registros Brasil, Colombia adem\u00e1s de EE.UU. &nbsp; &#8220;No se trata de una segunda ola del virus, sino de&hellip;<\/p>\n","protected":false},"author":99,"featured_media":0,"comment_status":"open","ping_status":"open","sticky":false,"template":"","format":"standard","meta":{"footnotes":""},"categories":[23],"tags":[],"class_list":["post-493077","post","type-post","status-publish","format-standard","hentry","category-latinoamerica"],"_links":{"self":[{"href":"https:\/\/diarioelpopular.com\/index.php\/wp-json\/wp\/v2\/posts\/493077","targetHints":{"allow":["GET"]}}],"collection":[{"href":"https:\/\/diarioelpopular.com\/index.php\/wp-json\/wp\/v2\/posts"}],"about":[{"href":"https:\/\/diarioelpopular.com\/index.php\/wp-json\/wp\/v2\/types\/post"}],"author":[{"embeddable":true,"href":"https:\/\/diarioelpopular.com\/index.php\/wp-json\/wp\/v2\/users\/99"}],"replies":[{"embeddable":true,"href":"https:\/\/diarioelpopular.com\/index.php\/wp-json\/wp\/v2\/comments?post=493077"}],"version-history":[{"count":1,"href":"https:\/\/diarioelpopular.com\/index.php\/wp-json\/wp\/v2\/posts\/493077\/revisions"}],"predecessor-version":[{"id":493079,"href":"https:\/\/diarioelpopular.com\/index.php\/wp-json\/wp\/v2\/posts\/493077\/revisions\/493079"}],"wp:attachment":[{"href":"https:\/\/diarioelpopular.com\/index.php\/wp-json\/wp\/v2\/media?parent=493077"}],"wp:term":[{"taxonomy":"category","embeddable":true,"href":"https:\/\/diarioelpopular.com\/index.php\/wp-json\/wp\/v2\/categories?post=493077"},{"taxonomy":"post_tag","embeddable":true,"href":"https:\/\/diarioelpopular.com\/index.php\/wp-json\/wp\/v2\/tags?post=493077"}],"curies":[{"name":"wp","href":"https:\/\/api.w.org\/{rel}","templated":true}]}}