{"id":493117,"date":"2020-07-31T20:02:20","date_gmt":"2020-08-01T00:02:20","guid":{"rendered":"https:\/\/diarioelpopular.com\/?p=493117"},"modified":"2020-07-31T20:02:20","modified_gmt":"2020-08-01T00:02:20","slug":"gobierno-mexico-monopoliza-venta-farmacos","status":"publish","type":"post","link":"https:\/\/diarioelpopular.com\/index.php\/2020\/07\/31\/gobierno-mexico-monopoliza-venta-farmacos\/","title":{"rendered":"Gobierno M\u00e9xico monopoliza venta f\u00e1rmacos"},"content":{"rendered":"<div id=\"attachment_493118\" style=\"width: 310px\" class=\"wp-caption alignnone\"><img loading=\"lazy\" decoding=\"async\" aria-describedby=\"caption-attachment-493118\" class=\"size-medium wp-image-493118\" src=\"https:\/\/diarioelpopular.com\/wp-content\/uploads\/2020\/07\/e591225b5b719ed53bcd83c6c3b18678-1-300x205.jpg\" alt=\"\" width=\"300\" height=\"205\" \/><p id=\"caption-attachment-493118\" class=\"wp-caption-text\"><em>Paciente en un hospital mexicano.<\/em><\/p><\/div>\n<h4><em><strong>Sistema de salud comprar\u00e1 las medicinas por medio de la ONU<\/strong><\/em><\/h4>\n<p>&nbsp;<\/p>\n<p><em><strong>CIUDAD DE MEXICO, 31 JUL &#8211;<\/strong><\/em> El gobierno mexicano anunci\u00f3 la creaci\u00f3n de su propia empresa distribuidora de medicinas, que ser\u00e1n adquiridas a trav\u00e9s de la Organizaci\u00f3n de las Naciones Unidas (ONU).<br \/>\nSe trata de un intento por romper con el monopolio de la venta de f\u00e1rmacos a empresas estatales de los grandes laboratorios internacionales.<br \/>\nTambi\u00e9n se busca poner un freno a la corrupci\u00f3n derivada de jugosas comisiones que supuestamente van a dar a los bolsillos de altos funcionarios para favorecer a determinadas empresas en las licitaciones.<br \/>\nEl director de la empresa p\u00fablica de distribuci\u00f3n de medicinas ser\u00e1 David Le\u00f3n, hasta ahora coordinador general de Protecci\u00f3n Civil del ministerio de Gobernaci\u00f3n, inform\u00f3 el presidente Andr\u00e9s L\u00f3pez Obrador.<br \/>\nEl mandatario indic\u00f3 que en dos semanas iniciar\u00e1 operaciones la compa\u00f1\u00eda que distribuir\u00e1 medicamentos, equipo m\u00e9dico y vacunas en todo el pa\u00eds y busca tambi\u00e9n poner fin a la escasez de medicinas e implementos sanitarios en el sistema nacional de salud.<br \/>\n&#8220;Ser\u00e1 una empresa bien constituida para que no falten los medicamentos ni en el pueblo m\u00e1s apartado. En la sierra, en las zonas m\u00e1s distantes, tienen que llegar los medicamentos gratuitamente&#8221;, indic\u00f3 L\u00f3pez Obrador.<br \/>\nEl jefe de Estado precis\u00f3 que la ONU se encargar\u00e1 de la coordinaci\u00f3n para adquirir los insumos la ONU a fin de &#8220;garantizar transparencia en el proceso&#8221;.<br \/>\n&#8220;La ONU hace el an\u00e1lisis de mercado, solicita propuestas y convoca. Se busca calidad y precio, se llega al acuerdo del env\u00edo a la Ciudad de M\u00e9xico, a los aeropuertos del pa\u00eds&#8221;, afirm\u00f3.<br \/>\n&#8220;A partir de ah\u00ed la distribuidora va a tener almacenes y un sistema de transporte para entregar las medicinas&#8221;, indic\u00f3.<br \/>\nAdem\u00e1s, de los f\u00e1rmacos, las vacunas y equipos ser\u00e1n comprados por medio de licitaciones internacionales en las que podr\u00e1n participar tambi\u00e9n empresas mexicanas.<br \/>\nL\u00f3pez Obrador firm\u00f3 con representantes de la ONU un convenio general para &#8220;ser\u00e1 garantizar que las medicinas, vacunas y equipos m\u00e9dicos lleguen a todos los centros de salud, cl\u00ednicas y hospitales p\u00fablicos, incluyendo los m\u00e1s apartados&#8221;.<br \/>\nPara crear la empresa, el Congreso aprob\u00f3 una reforma a la Ley de Adquisiciones de la administraci\u00f3n federal que permite al gobierno adquirir medicamentos en el extranjero.<br \/>\n&#8220;Se obtendr\u00e1n medicinas de buena calidad, a bajos precios y sin corrupci\u00f3n&#8221;, afirm\u00f3 el mandatario.<br \/>\nDesde hace varios meses, se han sucedido una oleada de demostraciones callejeras para denunciar la falta de abasto de medicamentos y la escasez de equipos b\u00e1sicos para enfrentar los desaf\u00edos de la pandemia global de Covid-19.<br \/>\nM\u00e9xico ha sido uno de los pa\u00edses con mayor tasa de muertes y contagios de personal sanitario en el mundo a causa del coronavirus, debido a la precaria situaci\u00f3n de los hospitales p\u00fablicos.<br \/>\nEl ministro de Salud, Jorge Alcocer, afirm\u00f3 que la &#8220;industria nacional no queda excluida de los procesos de licitaci\u00f3n&#8221;, pero s\u00f3lo participar\u00e1n &#8220;aquellas que cumplan con los altos niveles de calidad y honestidad&#8221;.<br \/>\nEl canciller Marcelo Ebrard se\u00f1al\u00f3 que &#8220;es la primera vez en la historia&#8221; que el gobierno mexicano encarga a &#8220;una agencia internacional una licitaci\u00f3n de esta naturaleza&#8221;, la cual &#8220;probablemente sea la m\u00e1s grande en manos de la ONU de un solo pa\u00eds&#8221;.<br \/>\nEspecialistas consideraron que crear una sola empresa distribuidora de medicinas podr\u00eda resultar un mayor desaf\u00edo que poner a competir a varias compa\u00f1\u00edas privadas en la distribuci\u00f3n de medicinas.<br \/>\nDesde enero pasado, antes de iniciarse la pandemia, se denunci\u00f3 que, de los 32 estados mexicanos, 24 presentaban desabasto de medicamentos y escasez de personal, luego que el gobierno impuso un dr\u00e1stico recorte al gasto gubernamental.<br \/>\nEn mayo de 2019, el director del Instituto Mexicano de Seguridad Social (IMSS), Germ\u00e1n Mart\u00ednez, present\u00f3 su renuncia con una carta p\u00fablica en la que dijo que &#8220;yo no voy a despedir a los doctores&#8221; al advertir que &#8220;la gente se va a morir en las calles&#8221; cuando se avecinaba la medida.<br \/>\nLa escasez de materiales de curaci\u00f3n, medicinas y de equipamiento afecta sobre todo a enfermos con VIH, ni\u00f1os con c\u00e1ncer, diab\u00e9ticos en espera de insulina y otros enfermos cr\u00f3nicos.<\/p>\n","protected":false},"excerpt":{"rendered":"<p>Sistema de salud comprar\u00e1 las medicinas por medio de la ONU &nbsp; CIUDAD DE MEXICO, 31 JUL &#8211; El gobierno mexicano anunci\u00f3 la creaci\u00f3n de&hellip;<\/p>\n","protected":false},"author":99,"featured_media":0,"comment_status":"open","ping_status":"open","sticky":false,"template":"","format":"standard","meta":{"footnotes":""},"categories":[23],"tags":[],"class_list":["post-493117","post","type-post","status-publish","format-standard","hentry","category-latinoamerica"],"_links":{"self":[{"href":"https:\/\/diarioelpopular.com\/index.php\/wp-json\/wp\/v2\/posts\/493117","targetHints":{"allow":["GET"]}}],"collection":[{"href":"https:\/\/diarioelpopular.com\/index.php\/wp-json\/wp\/v2\/posts"}],"about":[{"href":"https:\/\/diarioelpopular.com\/index.php\/wp-json\/wp\/v2\/types\/post"}],"author":[{"embeddable":true,"href":"https:\/\/diarioelpopular.com\/index.php\/wp-json\/wp\/v2\/users\/99"}],"replies":[{"embeddable":true,"href":"https:\/\/diarioelpopular.com\/index.php\/wp-json\/wp\/v2\/comments?post=493117"}],"version-history":[{"count":1,"href":"https:\/\/diarioelpopular.com\/index.php\/wp-json\/wp\/v2\/posts\/493117\/revisions"}],"predecessor-version":[{"id":493119,"href":"https:\/\/diarioelpopular.com\/index.php\/wp-json\/wp\/v2\/posts\/493117\/revisions\/493119"}],"wp:attachment":[{"href":"https:\/\/diarioelpopular.com\/index.php\/wp-json\/wp\/v2\/media?parent=493117"}],"wp:term":[{"taxonomy":"category","embeddable":true,"href":"https:\/\/diarioelpopular.com\/index.php\/wp-json\/wp\/v2\/categories?post=493117"},{"taxonomy":"post_tag","embeddable":true,"href":"https:\/\/diarioelpopular.com\/index.php\/wp-json\/wp\/v2\/tags?post=493117"}],"curies":[{"name":"wp","href":"https:\/\/api.w.org\/{rel}","templated":true}]}}