{"id":493120,"date":"2020-07-31T20:04:33","date_gmt":"2020-08-01T00:04:33","guid":{"rendered":"https:\/\/diarioelpopular.com\/?p=493120"},"modified":"2020-07-31T20:04:33","modified_gmt":"2020-08-01T00:04:33","slug":"el-cobre-chileno-sale-indemne","status":"publish","type":"post","link":"https:\/\/diarioelpopular.com\/index.php\/2020\/07\/31\/el-cobre-chileno-sale-indemne\/","title":{"rendered":"El cobre chileno sale indemne"},"content":{"rendered":"<div id=\"attachment_493121\" style=\"width: 310px\" class=\"wp-caption alignnone\"><img loading=\"lazy\" decoding=\"async\" aria-describedby=\"caption-attachment-493121\" class=\"size-medium wp-image-493121\" src=\"https:\/\/diarioelpopular.com\/wp-content\/uploads\/2020\/07\/4cc57e28c10238deef45ec7325958cc9-1-300x169.jpg\" alt=\"\" width=\"300\" height=\"169\" \/><p id=\"caption-attachment-493121\" class=\"wp-caption-text\"><em>Tareas en una mina estatal de cobre en Chile.<\/em><\/p><\/div>\n<h4><em><strong>Sum\u00f3 378 millones de d\u00f3lares, 20% m\u00e1s que primer semestre 2019<\/strong><\/em><\/h4>\n<p>&nbsp;<\/p>\n<p><em><strong>SANTIAGO DEL CHILE, 31 JUL &#8211;<\/strong><\/em> La compa\u00f1\u00eda chilena Codelco, principal productora mundial de cobre, gener\u00f3 excedentes por 380 millones de d\u00f3lares en el primer semestre de este a\u00f1o, 20% superior a igual periodo de 2019, a pesar del colapso del Covid-19.<br \/>\nLa empresa estatal destac\u00f3 sus resultados en el contexto del impacto de la pandemia y la ca\u00edda del valor del metal en 11,4% en comparaci\u00f3n al a\u00f1o anterior.<br \/>\nEl precio promedi\u00f3 en este primer semestre fue de 2,48 d\u00f3lares la libra contra 2,80 d\u00f3lares la libra del mismo lapso de 2019, esto es, 32 centavos menos.<br \/>\nCodelco produjo en estos primeros seis meses 744 mil toneladas de cobre fino, 4,7% m\u00e1s que en el mismo per\u00edodo de 2019.<br \/>\nLa compa\u00f1\u00eda resalt\u00f3 que las tempranas medidas tomadas para proteger la salud de sus trabajadores permitieron mantener la continuidad operacional. Junto con ello, el mayor tratamiento en las plantas y la mejor ley del mineral, explican el incremento de 34 mil toneladas de producci\u00f3n respecto del a\u00f1o pasado.<br \/>\nEl costo directo, C1, tuvo una baja considerable de 9% al alcanzar 129,9 centavos de d\u00f3lar la libra (c\/lb), 12,4 centavos menos que los 142,3 c\/lb del a\u00f1o pasado. Esta cifra se explica por la mayor continuidad operacional de las fundiciones, lo que mejor\u00f3 la cartera de productos de la estatal. Adem\u00e1s, la mayor producci\u00f3n, el aumento en la venta de subproductos, como el molibdeno; y, el efecto positivo de un d\u00f3lar m\u00e1s alto.<br \/>\nEl costo neto a c\u00e1todo (C3), en tanto, tuvo una importante disminuci\u00f3n de 17% respecto del mismo per\u00edodo del a\u00f1o anterior, al alcanzar 207,7 c\/lb, que se explica por las mismas razones del costo directo, a las que se suman los menores gastos no operacionales. La compa\u00f1\u00eda aclar\u00f3 que los costos C3 del a\u00f1o pasado incluyen los efectos de las negociaciones colectivas del per\u00edodo.<br \/>\nLa generaci\u00f3n operacional de caja, Ebitda, alcanz\u00f3 1.881 millones de d\u00f3lares, un 18% mayor que el mismo per\u00edodo del a\u00f1o anterior, con un margen de 36%.<br \/>\nCodelco se\u00f1al\u00f3 tambi\u00e9n que los principales proyectos de desarrollo de la Corporaci\u00f3n no han visto afectadas sus fechas proyectadas de inicio de operaci\u00f3n, a pesar de la detenci\u00f3n temporal ocurrida en algunos contratos para minimizar el riesgo de contagio en las faenas.<br \/>\nLa compa\u00f1\u00eda detuvo temporalmente la construcci\u00f3n de sus proyectos estructurales y de desarrollo por la crisis sanitaria, con el fin de contener el n\u00famero de personas en las faenas.<br \/>\nEntre ellos, Chuquicamata Subterr\u00e1nea, que alcanz\u00f3 un estado de progreso de 99% en el primero de sus tres niveles bajo tierra, y Nuevo Nivel Mina (Andes Norte, Diamante y Andesita), que avanz\u00f3 61%.<br \/>\nEn tanto, la construcci\u00f3n de Traspaso Andina, que complet\u00f3 un 87%, tuvo una detenci\u00f3n total en abril y se reactiv\u00f3, con el ingreso gradual de dotaciones, entre mayo y junio. Seg\u00fan el presidente ejecutivo, Octavio Araneda, &#8220;los estrictos protocolos implementados tuvieron como primera prioridad no exponer a los trabajadores y trabajadoras, asegur\u00e1ndonos de entregarles todas las condiciones sanitarias para proteger su salud y la de sus familias&#8221;.<br \/>\n&#8220;El segundo objetivo -agreg\u00f3- fue mantener la continuidad operacional, de modo de generar excedentes para Chile, porque sabemos que para salir de la crisis econ\u00f3mica que est\u00e1 provocando esta pandemia se requerir\u00e1n los recursos de Codelco&#8221;.<br \/>\nEn directivo reafirm\u00f3 que la empresa estatal seguir\u00e1 realizando todos los esfuerzos por mantener el nivel productivo que ha mostrado hasta ahora, resguardando la salud de las personas, de modo de sostener el compromiso de excedentes con el pa\u00eds.<\/p>\n","protected":false},"excerpt":{"rendered":"<p>Sum\u00f3 378 millones de d\u00f3lares, 20% m\u00e1s que primer semestre 2019 &nbsp; SANTIAGO DEL CHILE, 31 JUL &#8211; La compa\u00f1\u00eda chilena Codelco, principal productora mundial&hellip;<\/p>\n","protected":false},"author":99,"featured_media":0,"comment_status":"open","ping_status":"open","sticky":false,"template":"","format":"standard","meta":{"footnotes":""},"categories":[23],"tags":[],"class_list":["post-493120","post","type-post","status-publish","format-standard","hentry","category-latinoamerica"],"_links":{"self":[{"href":"https:\/\/diarioelpopular.com\/index.php\/wp-json\/wp\/v2\/posts\/493120","targetHints":{"allow":["GET"]}}],"collection":[{"href":"https:\/\/diarioelpopular.com\/index.php\/wp-json\/wp\/v2\/posts"}],"about":[{"href":"https:\/\/diarioelpopular.com\/index.php\/wp-json\/wp\/v2\/types\/post"}],"author":[{"embeddable":true,"href":"https:\/\/diarioelpopular.com\/index.php\/wp-json\/wp\/v2\/users\/99"}],"replies":[{"embeddable":true,"href":"https:\/\/diarioelpopular.com\/index.php\/wp-json\/wp\/v2\/comments?post=493120"}],"version-history":[{"count":1,"href":"https:\/\/diarioelpopular.com\/index.php\/wp-json\/wp\/v2\/posts\/493120\/revisions"}],"predecessor-version":[{"id":493122,"href":"https:\/\/diarioelpopular.com\/index.php\/wp-json\/wp\/v2\/posts\/493120\/revisions\/493122"}],"wp:attachment":[{"href":"https:\/\/diarioelpopular.com\/index.php\/wp-json\/wp\/v2\/media?parent=493120"}],"wp:term":[{"taxonomy":"category","embeddable":true,"href":"https:\/\/diarioelpopular.com\/index.php\/wp-json\/wp\/v2\/categories?post=493120"},{"taxonomy":"post_tag","embeddable":true,"href":"https:\/\/diarioelpopular.com\/index.php\/wp-json\/wp\/v2\/tags?post=493120"}],"curies":[{"name":"wp","href":"https:\/\/api.w.org\/{rel}","templated":true}]}}