{"id":493126,"date":"2020-07-31T20:08:45","date_gmt":"2020-08-01T00:08:45","guid":{"rendered":"https:\/\/diarioelpopular.com\/?p=493126"},"modified":"2020-07-31T20:08:45","modified_gmt":"2020-08-01T00:08:45","slug":"buenos-aires-se-mantiene-en-cuarentena","status":"publish","type":"post","link":"https:\/\/diarioelpopular.com\/index.php\/2020\/07\/31\/buenos-aires-se-mantiene-en-cuarentena\/","title":{"rendered":"Buenos Aires se mantiene en cuarentena"},"content":{"rendered":"<div id=\"attachment_493127\" style=\"width: 310px\" class=\"wp-caption alignnone\"><img loading=\"lazy\" decoding=\"async\" aria-describedby=\"caption-attachment-493127\" class=\"size-medium wp-image-493127\" src=\"https:\/\/diarioelpopular.com\/wp-content\/uploads\/2020\/07\/47569e5cdbbc9ef695a9c852b0b6ac42-300x200.jpg\" alt=\"\" width=\"300\" height=\"200\" \/><p id=\"caption-attachment-493127\" class=\"wp-caption-text\"><em>En la periferia de Buenos Aires, el Covid-19 enciende alarmas. (foto: EPA)<\/em><\/p><\/div>\n<h4><em><strong>Ya son 149 d\u00edas de aislamiento obligatorio. Virus recrudece<\/strong><\/em><\/h4>\n<p>&nbsp;<\/p>\n<p><em><strong>BUENOS AIRES, 31 JUL &#8211;<\/strong><\/em> El presidente argentino, Alberto Fern\u00e1ndez, anunci\u00f3 hoy otra pr\u00f3rroga de la cuarentena en la capital Buenos Aires y su populosa periferia, lo que significa que se llegar\u00e1n a 149 d\u00edas de aislamiento obligatorio en esa zonas, las m\u00e1s afectada por la pandemia, con una circulaci\u00f3n del virus que no cesa.<br \/>\nEn ese sentido, el mandatario hizo referencia a los encuentros sociales, los cuales, a su juicio y tambi\u00e9n el de dirigentes provinciales y municipales, son la principal causa de los aumentos de casos que se registran al menos desde junio pasado.<br \/>\n&#8220;Los encuentros sociales van a estar prohibidos&#8221; y que &#8220;quienes lo lleven adelante podr\u00e1n incurrir en la responsabilidad penal por estar favoreciendo el contagio de la enfermedad&#8221;, dijo el mandatario.<br \/>\n&#8220;Estamos atravesando un momento creciente de circulaci\u00f3n del virus, que se concentra en gran medida en el \u00c1rea Metropolitana de Buenos Aires, pero tambi\u00e9n a empezado a irradiar al sur de Santa Fe, Entre R\u00edos y C\u00f3rdoba&#8221;, declar\u00f3 Fern\u00e1ndez.<br \/>\nAdem\u00e1s, remarc\u00f3 que se suman focos en provincias como Jujuy, Chaco y R\u00edo Negro.<br \/>\n&#8220;El mayor problema que tenemos es la circulaci\u00f3n que se ha convertido en el principal enemigo para superar esta pandemia.<br \/>\nCuando sentimos que el problema se acota, nos relajamos y nos exponemos al peor riesgo&#8221;, dijo el presidente e insisti\u00f3 de ese modo en la &#8220;responsabilidad individual&#8221;. Una vez m\u00e1s, el presidente hizo los anuncios en la quinta presidencial de Olivos, donde acompa\u00f1aron otra vez el jefe de Gobierno de la ciudad de Buenos Aires, Horacio Rodr\u00edguez Larreta -del espacio opositor Juntos por el Cambio- y el gobernador de la provincia de Buenos Aires, Axel Kicillof, perteneciente a la misma coalici\u00f3n que Fern\u00e1ndez.<br \/>\nAnte el preocupante aumento de casos de Covid-19 en la capital argentina y el conurbano bonaerense, el primero de julio pasado se hab\u00eda retornado a una cuarentena estricta en esa regi\u00f3n, pero que no tuvo el acatamiento de los primeros tiempos de marzo y abril, y mucha gente sigui\u00f3 reuni\u00e9ndose en sus casas, con familiares o amigos.<br \/>\nEn ese sentido, el ministro de Salud, Gin\u00e9s Gonz\u00e1lez Garc\u00eda admiti\u00f3 a finales de julio la \u00faltima cuarentena estricta no se hizo de modo correcto, y tambi\u00e9n subray\u00f3 que el crecimiento de casos tuvo que ver con &#8220;reuniones y asados&#8221;.<br \/>\nPese a la creciente transmisi\u00f3n comunitaria en la llamada zona del AMBA, Fern\u00e1ndez decidi\u00f3 el pasado 17 de julio dar marca atr\u00e1s a la cuarentena estricta, y promover una reapertura parcial de actividades.<br \/>\nEn esa l\u00ednea, seguir\u00e1 el nuevo aislamiento social y obligatorio hasta el pr\u00f3ximo 16 de agosto.<br \/>\n&#8220;M\u00e1s all\u00e1 de que se enojen cuando les digo que lo \u00fanico que nos preserva es quedarse en casa, les estoy diciendo la verdad.<br \/>\nYo detesto decirles esto. Me gustar\u00eda que funcionen los espect\u00e1culos y los restaurantes, pero esto es lo que nos est\u00e1 pasando y esto es producto de nuestra circulaci\u00f3n&#8221;, insisti\u00f3 Fern\u00e1ndez.<br \/>\n&#8220;La nueva realidad nos obliga a preservarnos permanentemente del riesgo de poder contagiarnos&#8221;, a\u00f1adi\u00f3.<br \/>\nLa persistencia de la cuarentena con una apertura escalonada tambi\u00e9n tiene que ver con un intento de hacer un delicado equilibrio entre el aumento de cifras diarias de contagios, y la ca\u00edda econ\u00f3mica y la angustia social por extensas restricciones que arrancaron el pasado 20 de marzo.<br \/>\nDesde entonces, el aislamiento preventivo y obligatorio persisti\u00f3 en la zona de la capital argentina y su populosa periferia, mientras se ha flexibilizado en algunas provincias del pa\u00eds y en otras, en las que se hab\u00eda recuperado la normalidad, se tuvo que retroceder por el aumento de casos.<br \/>\nEn Argentina, el total de infectados asciende a 185.373, mientras el n\u00famero total de decesos es de 3.441 Sin embargo, se trata de una cifra moderada si se la compara con el drama de Brasil, pero que preocupa porque se ha acelerado la curva ascendente en comparaci\u00f3n con marzo, abril, o mayo, cuando se manten\u00eda baja y estable.<br \/>\nEntre las actividades que siguen en la capital argentina, se encuentran la de los comercios de cercan\u00eda no esenciales y galer\u00edas comerciales, actividades individuales en el espacio p\u00fablico y ampliaci\u00f3n de d\u00edas de salidas recreativas para ni\u00f1os.<br \/>\nTambi\u00e9n se mantiene la apertura de peluquer\u00edas, los comercios de ropa y calzado y el permiso de rezo individual en los templos -con una presencia de hasta 10 personas.<br \/>\nEn el caso del conurbano bonaerense -la zona con m\u00e1s circulaci\u00f3n comunitaria- seguir\u00e1n abiertas de empresas e industrias, con protocolos estrictos y transporte propio.<br \/>\nTambi\u00e9n estar\u00e1n habilitados los comercios de cercan\u00eda, los servicios inmobiliarios y de mudanza, servicios jur\u00eddicos, notariales de contadur\u00eda y auditor\u00eda, atenci\u00f3n de profesionales de la salud, servicio de mantenimiento en hogares, y de peluquer\u00eda y est\u00e9tica.<\/p>\n","protected":false},"excerpt":{"rendered":"<p>Ya son 149 d\u00edas de aislamiento obligatorio. Virus recrudece &nbsp; BUENOS AIRES, 31 JUL &#8211; El presidente argentino, Alberto Fern\u00e1ndez, anunci\u00f3 hoy otra pr\u00f3rroga de&hellip;<\/p>\n","protected":false},"author":99,"featured_media":0,"comment_status":"open","ping_status":"open","sticky":false,"template":"","format":"standard","meta":{"footnotes":""},"categories":[23],"tags":[],"class_list":["post-493126","post","type-post","status-publish","format-standard","hentry","category-latinoamerica"],"_links":{"self":[{"href":"https:\/\/diarioelpopular.com\/index.php\/wp-json\/wp\/v2\/posts\/493126","targetHints":{"allow":["GET"]}}],"collection":[{"href":"https:\/\/diarioelpopular.com\/index.php\/wp-json\/wp\/v2\/posts"}],"about":[{"href":"https:\/\/diarioelpopular.com\/index.php\/wp-json\/wp\/v2\/types\/post"}],"author":[{"embeddable":true,"href":"https:\/\/diarioelpopular.com\/index.php\/wp-json\/wp\/v2\/users\/99"}],"replies":[{"embeddable":true,"href":"https:\/\/diarioelpopular.com\/index.php\/wp-json\/wp\/v2\/comments?post=493126"}],"version-history":[{"count":1,"href":"https:\/\/diarioelpopular.com\/index.php\/wp-json\/wp\/v2\/posts\/493126\/revisions"}],"predecessor-version":[{"id":493128,"href":"https:\/\/diarioelpopular.com\/index.php\/wp-json\/wp\/v2\/posts\/493126\/revisions\/493128"}],"wp:attachment":[{"href":"https:\/\/diarioelpopular.com\/index.php\/wp-json\/wp\/v2\/media?parent=493126"}],"wp:term":[{"taxonomy":"category","embeddable":true,"href":"https:\/\/diarioelpopular.com\/index.php\/wp-json\/wp\/v2\/categories?post=493126"},{"taxonomy":"post_tag","embeddable":true,"href":"https:\/\/diarioelpopular.com\/index.php\/wp-json\/wp\/v2\/tags?post=493126"}],"curies":[{"name":"wp","href":"https:\/\/api.w.org\/{rel}","templated":true}]}}