{"id":493132,"date":"2020-07-31T20:13:07","date_gmt":"2020-08-01T00:13:07","guid":{"rendered":"https:\/\/diarioelpopular.com\/?p=493132"},"modified":"2020-07-31T20:13:07","modified_gmt":"2020-08-01T00:13:07","slug":"colombia-en-medio-de-la-peste-fosas-comunes","status":"publish","type":"post","link":"https:\/\/diarioelpopular.com\/index.php\/2020\/07\/31\/colombia-en-medio-de-la-peste-fosas-comunes\/","title":{"rendered":"Colombia: en medio de la peste, fosas comunes"},"content":{"rendered":"<div id=\"attachment_493133\" style=\"width: 310px\" class=\"wp-caption alignnone\"><img loading=\"lazy\" decoding=\"async\" aria-describedby=\"caption-attachment-493133\" class=\"size-medium wp-image-493133\" src=\"https:\/\/diarioelpopular.com\/wp-content\/uploads\/2020\/07\/0c748b5c93c86b60b4d095fb3db3d6db-300x201.jpg\" alt=\"\" width=\"300\" height=\"201\" \/><p id=\"caption-attachment-493133\" class=\"wp-caption-text\"><em>El drama de las fosas comunes vuelve a emergen en Colombia.<\/em><\/p><\/div>\n<h4><em><strong>En El Copey, tumbas de la guerra, ordenan suspender sepelios<\/strong><\/em><\/h4>\n<p>&nbsp;<\/p>\n<p><em><strong>BOGOTA, 31 JUL &#8211;<\/strong><\/em> La JEP, el tribunal especial creado en el acuerdo de paz de Colombia, orden\u00f3 al alcalde de la peque\u00f1a poblaci\u00f3n de El Copey, Francisco Meza, suspender la excavaci\u00f3n en un terreno anexo del cementerio de ese municipio, ante la posibilidad del hallazgo de una fosa com\u00fan.<br \/>\nSeg\u00fan la Jurisdicci\u00f3n Especial para la Paz (JEP), Meza debe detener desde hoy la &#8220;manipulaci\u00f3n, inhumaci\u00f3n, exhumaci\u00f3n y traslado de estructuras \u00f3seas existentes en el lote o cementerio alterno de El Copey&#8221;, en el norte\u00f1o departamento del Cesar.<br \/>\nEl Tribunal tambi\u00e9n le encomend\u00f3 al mandatario de esa poblaci\u00f3n, de apenas 26.587 habitantes y a 819 kil\u00f3metros al norte de Bogot\u00e1, que tiene 15 d\u00edas para garantizar la &#8220;conservaci\u00f3n y custodia&#8221; de los cuerpos no identificados hallados en el sitio.<br \/>\nEl descubrimiento de restos humanos en el lugar en el que la alcald\u00eda de El Copey cav\u00f3 la tierra para destinarlo a fallecidos por la pandemia, lo hizo esta semana un habitante de la zona que film\u00f3 las excavaciones y subi\u00f3 a redes sociales las im\u00e1genes.<br \/>\nEl tema se hizo viral lo que alent\u00f3 a la Comisi\u00f3n Colombiana de Juristas (CCJ), una oeneg\u00e9 de derechos humanos, a reclamarle p\u00fablicamente al alcalde Meza detener esas excavaciones, tras recordarle que en ese terreno podr\u00edan haber hasta 100 personas sepultadas en una gran fosa com\u00fan con v\u00edctimas del conflicto armado interno.<br \/>\nAlgunas de esas personas ser\u00edan v\u00edctimas de los llamados &#8220;falsos positivos&#8221; o cr\u00edmenes extrajudiciales cometidos por militares contra civiles, a quienes hac\u00edan pasar por supuestos guerrilleros para aumentar las cifras de bajas en combate durante el gobierno de Alvaro Uribe (2002-2010).<br \/>\nLa CCJ record\u00f3 que durante seis a\u00f1os le ha pedido a la justicia establecer &#8220;medidas cautelares&#8221; en ese terreno, adyacente al cementerio de El Copey, y record\u00f3 el casos de tres j\u00f3venes asesinado en 2008, al parecer por militares, que se cree estar\u00edan sepultados all\u00ed.<br \/>\nLa respuesta no se hizo esperar y la Unidad de B\u00fasqueda de Personas dadas por Desaparecidas (UBPD), creada en los acuerdos de paz con las FARC, se reuni\u00f3 en la v\u00edspera con el alcalde Meza, declar\u00f3 el lugar como &#8220;zona de inter\u00e9s para la b\u00fasqueda&#8221; y pidi\u00f3 proteger el \u00e1rea y los cuerpos hallados.<br \/>\nEste viernes la Unidad envi\u00f3 dos equipos para inspeccionar el lugar y ponerlo bajo resguardo.<br \/>\nLa JEP afirm\u00f3 en el documento en el que orden\u00f3 cesar las excavaciones que entend\u00eda que la coyuntura producto del Covid-19 creaba un &#8220;obst\u00e1culo adicional&#8221; en la b\u00fasqueda de personas desaparecidas.<br \/>\n&#8220;Pero no por ello puede constituir una barrera de tal magnitud que le reste la importancia y necesidad imperiosa al despliegue de acciones efectivas frente a este tipo de situaciones a las que el Estado colombiano est\u00e1 llamado a responder&#8221;, dijo en su orden el Tribunal de paz.<\/p>\n","protected":false},"excerpt":{"rendered":"<p>En El Copey, tumbas de la guerra, ordenan suspender sepelios &nbsp; BOGOTA, 31 JUL &#8211; La JEP, el tribunal especial creado en el acuerdo de&hellip;<\/p>\n","protected":false},"author":99,"featured_media":0,"comment_status":"open","ping_status":"open","sticky":false,"template":"","format":"standard","meta":{"footnotes":""},"categories":[23],"tags":[],"class_list":["post-493132","post","type-post","status-publish","format-standard","hentry","category-latinoamerica"],"_links":{"self":[{"href":"https:\/\/diarioelpopular.com\/index.php\/wp-json\/wp\/v2\/posts\/493132","targetHints":{"allow":["GET"]}}],"collection":[{"href":"https:\/\/diarioelpopular.com\/index.php\/wp-json\/wp\/v2\/posts"}],"about":[{"href":"https:\/\/diarioelpopular.com\/index.php\/wp-json\/wp\/v2\/types\/post"}],"author":[{"embeddable":true,"href":"https:\/\/diarioelpopular.com\/index.php\/wp-json\/wp\/v2\/users\/99"}],"replies":[{"embeddable":true,"href":"https:\/\/diarioelpopular.com\/index.php\/wp-json\/wp\/v2\/comments?post=493132"}],"version-history":[{"count":1,"href":"https:\/\/diarioelpopular.com\/index.php\/wp-json\/wp\/v2\/posts\/493132\/revisions"}],"predecessor-version":[{"id":493134,"href":"https:\/\/diarioelpopular.com\/index.php\/wp-json\/wp\/v2\/posts\/493132\/revisions\/493134"}],"wp:attachment":[{"href":"https:\/\/diarioelpopular.com\/index.php\/wp-json\/wp\/v2\/media?parent=493132"}],"wp:term":[{"taxonomy":"category","embeddable":true,"href":"https:\/\/diarioelpopular.com\/index.php\/wp-json\/wp\/v2\/categories?post=493132"},{"taxonomy":"post_tag","embeddable":true,"href":"https:\/\/diarioelpopular.com\/index.php\/wp-json\/wp\/v2\/tags?post=493132"}],"curies":[{"name":"wp","href":"https:\/\/api.w.org\/{rel}","templated":true}]}}