{"id":493144,"date":"2020-08-01T21:26:50","date_gmt":"2020-08-02T01:26:50","guid":{"rendered":"https:\/\/diarioelpopular.com\/?p=493144"},"modified":"2020-08-01T21:26:50","modified_gmt":"2020-08-02T01:26:50","slug":"pinera-se-abre-a-la-tecnologia-5g","status":"publish","type":"post","link":"https:\/\/diarioelpopular.com\/index.php\/2020\/08\/01\/pinera-se-abre-a-la-tecnologia-5g\/","title":{"rendered":"Pi\u00f1era se abre a la tecnolog\u00eda 5G"},"content":{"rendered":"<div id=\"attachment_493145\" style=\"width: 310px\" class=\"wp-caption alignnone\"><img loading=\"lazy\" decoding=\"async\" aria-describedby=\"caption-attachment-493145\" class=\"size-medium wp-image-493145\" src=\"https:\/\/diarioelpopular.com\/wp-content\/uploads\/2020\/08\/07f36d3b56c49b68f7e9cbbf4a4ce43c-300x200.jpg\" alt=\"\" width=\"300\" height=\"200\" \/><p id=\"caption-attachment-493145\" class=\"wp-caption-text\"><em>Presidente de Chile.<\/em><\/p><\/div>\n<h4><strong><em>Llam\u00f3 a enfrentar desaf\u00edos y no quedar atrapados en rencillas<\/em><\/strong><\/h4>\n<p>&nbsp;<\/p>\n<p><em><strong>SANTIAGO DEL CILE, 1 AGO-<\/strong><\/em> El presidente Sebasti\u00e1n Pi\u00f1era anunci\u00f3 el inicio del proceso para incorporar a Chile a la tecnolog\u00eda 5G.<br \/>\nEn la tradicional Cuenta P\u00fablica Anual ante el Congreso Pleno, que se hizo con mascarilla y manteniendo la distancia social, el mandatario rese\u00f1\u00f3 el plan sanitario, social y econ\u00f3mico con el cual se ha enfrentado la pandemia de Covid-19.<br \/>\nAsimismo, puso \u00e9nfasis en la recuperaci\u00f3n post crisis sanitaria que &#8220;va a tomar tiempo, va a exigir recursos&#8221;.<br \/>\nInsisti\u00f3 que &#8220;a igual que la vacuna en el plano sanitario, s\u00f3lo la recuperaci\u00f3n de la econom\u00eda nos va a permitir superar la recesi\u00f3n y la crisis social&#8221;.<br \/>\nMencion\u00f3 la p\u00e9rdida de 1.8 millones de empleos y la suspensi\u00f3n de jornada de 700 mil trabajadores, por lo que &#8220;el objetivo central y prioritario de la recuperaci\u00f3n&#8221; ser\u00e1 recuperar dichos puestos laborales&#8221;.<br \/>\n&#8220;No podemos permitir que una crisis transitoria se haga permanente&#8221;, defendi\u00f3.<br \/>\nEn cuanto al Plan de recuperaci\u00f3n Econ\u00f3mica, se\u00f1al\u00f3, que debe hacerse dentro de un marco de responsabilidad fiscal&#8221; y destac\u00f3 que con motivo de la pandemia Chile ha movilizado recursos por 20.000 millones de d\u00f3lares, equivalente al 12,5% del PIB&#8221;.<br \/>\nEn el \u00e1mbito pol\u00edtico, reafirm\u00f3 el compromiso del gobierno con el Plebiscito del 25 de octubre para que &#8220;la voz de la ciudadan\u00eda se exprese&#8221;, protegiendo la salud y la seguridad.<br \/>\nCasi al finalizar su intervenci\u00f3n de m\u00e1s de una hora, Pi\u00f1era anunci\u00f3 el inicio del proceso para contar con la tecnolog\u00eda 5G, la cual permitir\u00e1, dijo, &#8220;un gran salto adelante en la integraci\u00f3n plena de Chile a la sociedad digital&#8221;.<br \/>\nSignificar\u00e1 una inversi\u00f3n estimada de 3.000 millones de d\u00f3lares en los pr\u00f3ximos 5 a\u00f1os y permitir\u00e1 multiplicar por 10 la velocidad de navegaci\u00f3n y tendr\u00e1 100 veces m\u00e1s capacidad que las actuales redes 4G, subray\u00f3.<br \/>\nAsimismo, relev\u00f3 que &#8220;esta tecnolog\u00eda 5G nos permitir\u00e1 ingresar al mundo del Internet de las Cosas y lograr insospechados avances en materia de ciudades inteligentes, modernizaci\u00f3n del Estado, telemedicina, producci\u00f3n y distribuci\u00f3n de bienes y servicios&#8221;.<br \/>\nMencion\u00f3 tambi\u00e9n el impuso que le ha dado su gobierno a &#8220;las carreteras digitales, a trav\u00e9s de la Fibra \u00d3ptica Nacional, la Fibra \u00d3ptica Austral y el cable de Fibra \u00d3ptica que conectar\u00e1 a Chile y Sud Am\u00e9rica con Asia y Ocean\u00eda&#8221;.<br \/>\n&#8220;Todo esto tendr\u00e1 un profundo y positivo impacto en todas las \u00e1reas y en la calidad de nuestras vidas&#8221; como &#8220;apurar el tranco&#8221; en grandes en \u00e1reas tan importantes como la educaci\u00f3n de nuestros ni\u00f1os, ni\u00f1as y j\u00f3venes, y la capacitaci\u00f3n de nuestros trabajadores&#8221;, afirm\u00f3.<br \/>\nAcot\u00f3 que la educaci\u00f3n debe estar en el centro de las prioridades y para ello abog\u00f3, por &#8220;fortalecer un sistema, en que tanto el Estado como la Sociedad Civil, garanticen la calidad, equidad, y diversidad de los proyectos educativos, y la libertad de los estudiantes o de sus padres para elegir el mejor proyecto educacional&#8221;.<br \/>\nPi\u00f1era termin\u00f3 aludiendo a los dif\u00edciles meses desde el estallido social del 18 de octubre y asegur\u00f3 que &#8220;tenemos que ser capaces de levantar la vista y mirar m\u00e1s all\u00e1 del horizonte, para impulsar estas urgentes y necesarias reformas&#8221;.<br \/>\nPidi\u00f3 no quedar atrapados en &#8220;rencillas destructivas y conflictos permanentes, que nos hacen perder el sentido de misi\u00f3n y la mirada de futuro&#8221;.<br \/>\n&#8220;Una casa dividida no puede prevalecer. Un pa\u00eds dividido no puede avanzar. El rol del Gobierno y la oposici\u00f3n no es enfrentarnos o intentar destruirnos mutuamente. Debemos siempre estar abiertos y dispuestos a dialogar, colaborar y construir acuerdos, respetando y apreciando nuestras leg\u00edtimas diferencias&#8221;, complet\u00f3.<\/p>\n","protected":false},"excerpt":{"rendered":"<p>Llam\u00f3 a enfrentar desaf\u00edos y no quedar atrapados en rencillas &nbsp; SANTIAGO DEL CILE, 1 AGO- El presidente Sebasti\u00e1n Pi\u00f1era anunci\u00f3 el inicio del proceso&hellip;<\/p>\n","protected":false},"author":99,"featured_media":0,"comment_status":"open","ping_status":"open","sticky":false,"template":"","format":"standard","meta":{"footnotes":""},"categories":[23],"tags":[],"class_list":["post-493144","post","type-post","status-publish","format-standard","hentry","category-latinoamerica"],"_links":{"self":[{"href":"https:\/\/diarioelpopular.com\/index.php\/wp-json\/wp\/v2\/posts\/493144","targetHints":{"allow":["GET"]}}],"collection":[{"href":"https:\/\/diarioelpopular.com\/index.php\/wp-json\/wp\/v2\/posts"}],"about":[{"href":"https:\/\/diarioelpopular.com\/index.php\/wp-json\/wp\/v2\/types\/post"}],"author":[{"embeddable":true,"href":"https:\/\/diarioelpopular.com\/index.php\/wp-json\/wp\/v2\/users\/99"}],"replies":[{"embeddable":true,"href":"https:\/\/diarioelpopular.com\/index.php\/wp-json\/wp\/v2\/comments?post=493144"}],"version-history":[{"count":1,"href":"https:\/\/diarioelpopular.com\/index.php\/wp-json\/wp\/v2\/posts\/493144\/revisions"}],"predecessor-version":[{"id":493146,"href":"https:\/\/diarioelpopular.com\/index.php\/wp-json\/wp\/v2\/posts\/493144\/revisions\/493146"}],"wp:attachment":[{"href":"https:\/\/diarioelpopular.com\/index.php\/wp-json\/wp\/v2\/media?parent=493144"}],"wp:term":[{"taxonomy":"category","embeddable":true,"href":"https:\/\/diarioelpopular.com\/index.php\/wp-json\/wp\/v2\/categories?post=493144"},{"taxonomy":"post_tag","embeddable":true,"href":"https:\/\/diarioelpopular.com\/index.php\/wp-json\/wp\/v2\/tags?post=493144"}],"curies":[{"name":"wp","href":"https:\/\/api.w.org\/{rel}","templated":true}]}}