{"id":493169,"date":"2020-08-03T12:52:04","date_gmt":"2020-08-03T16:52:04","guid":{"rendered":"https:\/\/diarioelpopular.com\/?p=493169"},"modified":"2020-08-03T12:52:04","modified_gmt":"2020-08-03T16:52:04","slug":"adios-a-las-bolsas-plasticas-en-chile","status":"publish","type":"post","link":"https:\/\/diarioelpopular.com\/index.php\/2020\/08\/03\/adios-a-las-bolsas-plasticas-en-chile\/","title":{"rendered":"Adi\u00f3s a las bolsas pl\u00e1sticas en Chile"},"content":{"rendered":"<div id=\"attachment_493170\" style=\"width: 310px\" class=\"wp-caption alignnone\"><img loading=\"lazy\" decoding=\"async\" aria-describedby=\"caption-attachment-493170\" class=\"size-medium wp-image-493170\" src=\"https:\/\/diarioelpopular.com\/wp-content\/uploads\/2020\/08\/fa44ad50ad8303a3781b5623a791fcd4-300x162.jpg\" alt=\"\" width=\"300\" height=\"162\" \/><p id=\"caption-attachment-493170\" class=\"wp-caption-text\"><em>Los comercios chilenos ya no podr\u00e1n entregar bolsas pl\u00e1sticas. Un paso en defensa del ambiente.<\/em><\/p><\/div>\n<h4><em><strong>El primer pa\u00eds de Am\u00e9rica latina en prohibir su circulaci\u00f3n<\/strong><\/em><\/h4>\n<p>&nbsp;<\/p>\n<p><em><strong>SANTIAGO DEL CHILE, 03 AGO &#8211;<\/strong> <\/em>Chile dice adi\u00f3s definitivamente a las bolsas pl\u00e1sticas, proceso que inici\u00f3 hace dos a\u00f1os cuando los grandes centros comerciales debieron limitarse por seis meses a la entrega de dos unidades por persona para luego eliminarlas.<br \/>\nLa Ley 21.100 otorg\u00f3 un plazo de dos a\u00f1os para que el comercio detallista se adoptara a la nueva norma medioambiental, fecha que se cumple ma\u00f1ana, 3 de agosto de 2020, cuando comenzar\u00e1 a aplicarse la norma. El cuerpo legal tuvo amplia aceptaci\u00f3n en la ciudadan\u00eda, seg\u00fan lo constat\u00f3 la Encuesta Nacional de Medio Ambiente donde el 95% de los consultados estaba de acuerdo con prohibir las bolsas pl\u00e1sticas para no contaminar, y el 66% manifestaba que ya cuando iba de compras llevaba una bolsa reutilizable.<br \/>\nPor tramo de edad, tambi\u00e9n el apoyo era homog\u00e9neamente alto, de un 95% entre 18-30 a\u00f1os; 31-45; 46-60 para bajar a 93% en los mayores de 61 a\u00f1os.<br \/>\nLo mismo ocurr\u00eda en las distintas regiones del pa\u00eds, aunque en la regi\u00f3n austral de Ays\u00e9n, que lo aplica hace m\u00e1s de una d\u00e9cada, el respaldo es del 99% comparado con el 91%-97% en el resto del pa\u00eds. El Ministerio del Medio Ambiente calcul\u00f3 que en estos 24 meses de inicio de la Ley se ha evitado el consumo de unos 5 mil millones de pl\u00e1sticos para el transporte de mercader\u00eda.<br \/>\n&#8220;Los chilenos seremos los primeros en Latinoam\u00e9rica en decir adi\u00f3s para siempre a las bolsas pl\u00e1sticas que se entregan en establecimientos de comercio&#8221;, resalt\u00f3 el secretario regional ministerial del Medio Ambiente, Diego Riveaux.<br \/>\nLos chilenos ocupaban cerca de 200 bolsas pl\u00e1sticas anuales por persona, lo que se traduc\u00eda en alrededor de 3.400 millones de unidades por a\u00f1o.<br \/>\nLa secretar\u00eda aclar\u00f3 que los envases primarios, como pan (envasado), pescados, legumbres, fiambres, frutas y verduras, entre otros, se excluyen de la prohibici\u00f3n de bolsas pl\u00e1sticas.<br \/>\nEn cuanto a la basura domiciliaria, se puntualizo tambi\u00e9n que el esp\u00edritu de la ley es regular la entrega indiscriminada y el uso desmedido de bolsas pl\u00e1sticas en el comercio, no as\u00ed la prohibici\u00f3n de su venta. Se hizo hincapi\u00e9 en que la bolsa tipo &#8220;camiseta&#8221;, com\u00fanmente usada en el comercio, no est\u00e1 dise\u00f1ada para contener residuos, ya que al cerrarse permite que se escurran los l\u00edquidos y se rompe f\u00e1cilmente.<br \/>\nRecomend\u00f3 bolsas de basura hechas para el almacenamiento y correcta gesti\u00f3n de residuos hasta su paradero final.<br \/>\nDesde MedioAmbiente -al cual se han sumado todos los municipios- aconsejaron separar botellas pl\u00e1sticas (PET), envases de vidrio, Tetra pak, papel y cart\u00f3n para reciclar. De hecho, los alcaldes se encargaron de distribuir en estos dos a\u00f1os containers para que la ciudadan\u00eda aprendiera a separar sus residuos y as\u00ed contribuir a que el volumen disminuya considerablemente.<br \/>\nEl ministerio se propone avanzar as\u00ed en la cultura del reciclaje y pasar, por ejemplo, del actual reciclaje de 12,5% de botellas a un 60% en el a\u00f1o 2030, lo que est\u00e1 dentro del porcentaje alcanzado por pa\u00edses desarrollados.<br \/>\nEn el Congreso se encuentra tambi\u00e9n un proyecto de ley que regula los productos de un solo uso en restaurantes, casinos, clubes sociales, cociner\u00edas, fuentes de soda, cafeter\u00edas, salones de t\u00e9, panader\u00edas, bares y otros locales similares que comercializan comida preparada.<br \/>\nLa iniciativa busca que si el consumo es al interior del establecimiento, se proh\u00edban los productos de un solo uso, cualquiera sea el material del que est\u00e9n compuestos, por lo que solo se pueden utilizar productos reutilizables.<br \/>\n&#8220;Nuestra meta es al menos lograr que el 65% de los residuos domiciliarios que se generan en el pa\u00eds sean reciclados al 2040, y que, para ese mismo a\u00f1o, solo el 10% de los residuos vaya a un relleno sanitario&#8221;, concluy\u00f3 el Seremi Riveaux.<\/p>\n","protected":false},"excerpt":{"rendered":"<p>El primer pa\u00eds de Am\u00e9rica latina en prohibir su circulaci\u00f3n &nbsp; SANTIAGO DEL CHILE, 03 AGO &#8211; Chile dice adi\u00f3s definitivamente a las bolsas pl\u00e1sticas,&hellip;<\/p>\n","protected":false},"author":99,"featured_media":0,"comment_status":"open","ping_status":"open","sticky":false,"template":"","format":"standard","meta":{"footnotes":""},"categories":[23],"tags":[],"class_list":["post-493169","post","type-post","status-publish","format-standard","hentry","category-latinoamerica"],"_links":{"self":[{"href":"https:\/\/diarioelpopular.com\/index.php\/wp-json\/wp\/v2\/posts\/493169","targetHints":{"allow":["GET"]}}],"collection":[{"href":"https:\/\/diarioelpopular.com\/index.php\/wp-json\/wp\/v2\/posts"}],"about":[{"href":"https:\/\/diarioelpopular.com\/index.php\/wp-json\/wp\/v2\/types\/post"}],"author":[{"embeddable":true,"href":"https:\/\/diarioelpopular.com\/index.php\/wp-json\/wp\/v2\/users\/99"}],"replies":[{"embeddable":true,"href":"https:\/\/diarioelpopular.com\/index.php\/wp-json\/wp\/v2\/comments?post=493169"}],"version-history":[{"count":1,"href":"https:\/\/diarioelpopular.com\/index.php\/wp-json\/wp\/v2\/posts\/493169\/revisions"}],"predecessor-version":[{"id":493171,"href":"https:\/\/diarioelpopular.com\/index.php\/wp-json\/wp\/v2\/posts\/493169\/revisions\/493171"}],"wp:attachment":[{"href":"https:\/\/diarioelpopular.com\/index.php\/wp-json\/wp\/v2\/media?parent=493169"}],"wp:term":[{"taxonomy":"category","embeddable":true,"href":"https:\/\/diarioelpopular.com\/index.php\/wp-json\/wp\/v2\/categories?post=493169"},{"taxonomy":"post_tag","embeddable":true,"href":"https:\/\/diarioelpopular.com\/index.php\/wp-json\/wp\/v2\/tags?post=493169"}],"curies":[{"name":"wp","href":"https:\/\/api.w.org\/{rel}","templated":true}]}}