{"id":493186,"date":"2020-08-04T12:35:37","date_gmt":"2020-08-04T16:35:37","guid":{"rendered":"https:\/\/diarioelpopular.com\/?p=493186"},"modified":"2020-08-04T12:35:37","modified_gmt":"2020-08-04T16:35:37","slug":"once-de-17-ministros-bolivianos-contagiados","status":"publish","type":"post","link":"https:\/\/diarioelpopular.com\/index.php\/2020\/08\/04\/once-de-17-ministros-bolivianos-contagiados\/","title":{"rendered":"Once de 17 ministros bolivianos contagiados"},"content":{"rendered":"<div id=\"attachment_493187\" style=\"width: 486px\" class=\"wp-caption alignnone\"><img loading=\"lazy\" decoding=\"async\" aria-describedby=\"caption-attachment-493187\" class=\"size-custom-full-size wp-image-493187\" src=\"https:\/\/diarioelpopular.com\/wp-content\/uploads\/2020\/08\/aafe60be0c7e9e1420ce1ec38cbe7f43.jpg\" alt=\"\" width=\"476\" height=\"317\" \/><p id=\"caption-attachment-493187\" class=\"wp-caption-text\"><em>La presidenta interina Jeanine A\u00f1ez.<\/em><br \/><em>(foto: EPA)<\/em><\/p><\/div>\n<h4><em><strong>Tambi\u00e9n la presidenta interina del pa\u00eds contrajo la enfermedad<\/strong><\/em><\/h4>\n<p><em><strong>LA PAZ, 04 AGO &#8211;<\/strong><\/em> El ministro de Energ\u00eda boliviano, Rodrigo Guzm\u00e1n, anunci\u00f3 que se contagi\u00f3 el coronavirus, por lo que once de los diecisiete ministros del gabinete de la presidenta interina Jeanine \u00c1\u00f1ez, quien tambi\u00e9n result\u00f3 positiva hace algunas semanas, deben lidiar con la enfermedad.<br \/>\nLo inform\u00f3 hoy el diario La Raz\u00f3n de La Paz.<br \/>\n&#8220;Tras cuatro meses de actividad en primera l\u00ednea en el departamento de El Beni -explic\u00f3 el ministro en Twitter- me somet\u00ed a un test que result\u00f3 positivo de coronavirus. Desde el aislamiento, y si la salud me lo permite, seguir\u00e9 trabajando. Lo lograremos todos juntos&#8221;.<br \/>\nAdem\u00e1s de A\u00f1ez, explic\u00f3 el diario, resultaron positivos con distintos niveles de gravedad muchos ministros, entre ellos, de la Presidencia, del Exterior, de Econom\u00eda, de Miner\u00eda y de Hidrocarburos.<br \/>\nAntes de Guzm\u00e1n, hab\u00edan anunciado su contagio de Covid-19 los ministros de Obras P\u00fablicas, Iv\u00e1n Arias, y de Educaci\u00f3n, V\u00edctor Hugo C\u00e1rdenas.<br \/>\nSeg\u00fan el \u00faltimo reporte de las autoridades sanitarias, los contagiados en Bolivia ascienden a 81.846 y los muertos a 3.228.<\/p>\n","protected":false},"excerpt":{"rendered":"<p>Tambi\u00e9n la presidenta interina del pa\u00eds contrajo la enfermedad LA PAZ, 04 AGO &#8211; El ministro de Energ\u00eda boliviano, Rodrigo Guzm\u00e1n, anunci\u00f3 que se contagi\u00f3&hellip;<\/p>\n","protected":false},"author":99,"featured_media":0,"comment_status":"open","ping_status":"open","sticky":false,"template":"","format":"standard","meta":{"footnotes":""},"categories":[23],"tags":[],"class_list":["post-493186","post","type-post","status-publish","format-standard","hentry","category-latinoamerica"],"_links":{"self":[{"href":"https:\/\/diarioelpopular.com\/index.php\/wp-json\/wp\/v2\/posts\/493186","targetHints":{"allow":["GET"]}}],"collection":[{"href":"https:\/\/diarioelpopular.com\/index.php\/wp-json\/wp\/v2\/posts"}],"about":[{"href":"https:\/\/diarioelpopular.com\/index.php\/wp-json\/wp\/v2\/types\/post"}],"author":[{"embeddable":true,"href":"https:\/\/diarioelpopular.com\/index.php\/wp-json\/wp\/v2\/users\/99"}],"replies":[{"embeddable":true,"href":"https:\/\/diarioelpopular.com\/index.php\/wp-json\/wp\/v2\/comments?post=493186"}],"version-history":[{"count":1,"href":"https:\/\/diarioelpopular.com\/index.php\/wp-json\/wp\/v2\/posts\/493186\/revisions"}],"predecessor-version":[{"id":493188,"href":"https:\/\/diarioelpopular.com\/index.php\/wp-json\/wp\/v2\/posts\/493186\/revisions\/493188"}],"wp:attachment":[{"href":"https:\/\/diarioelpopular.com\/index.php\/wp-json\/wp\/v2\/media?parent=493186"}],"wp:term":[{"taxonomy":"category","embeddable":true,"href":"https:\/\/diarioelpopular.com\/index.php\/wp-json\/wp\/v2\/categories?post=493186"},{"taxonomy":"post_tag","embeddable":true,"href":"https:\/\/diarioelpopular.com\/index.php\/wp-json\/wp\/v2\/tags?post=493186"}],"curies":[{"name":"wp","href":"https:\/\/api.w.org\/{rel}","templated":true}]}}