{"id":493193,"date":"2020-08-04T12:40:49","date_gmt":"2020-08-04T16:40:49","guid":{"rendered":"https:\/\/diarioelpopular.com\/?p=493193"},"modified":"2020-08-04T12:40:49","modified_gmt":"2020-08-04T16:40:49","slug":"la-economia-chilena-se-desploma","status":"publish","type":"post","link":"https:\/\/diarioelpopular.com\/index.php\/2020\/08\/04\/la-economia-chilena-se-desploma\/","title":{"rendered":"La econom\u00eda chilena se desploma"},"content":{"rendered":"<div id=\"attachment_493194\" style=\"width: 210px\" class=\"wp-caption alignnone\"><img loading=\"lazy\" decoding=\"async\" aria-describedby=\"caption-attachment-493194\" class=\"size-medium wp-image-493194\" src=\"https:\/\/diarioelpopular.com\/wp-content\/uploads\/2020\/08\/4b26a97469bbf5c0a246bb82d66207b9-200x300.jpg\" alt=\"\" width=\"200\" height=\"300\" \/><p id=\"caption-attachment-493194\" class=\"wp-caption-text\">Las capital<\/p><\/div>\n<h4><em><strong>Ca\u00edda, empero, es menor a la esperada, y 2,2% mejor que en mayo<\/strong><\/em><\/h4>\n<p>&nbsp;<\/p>\n<p><em><strong>SANTIAGO DE CHILE, 04 AGO &#8211;<\/strong><\/em> La econom\u00eda chilena se contrajo 12,4% en junio, una ca\u00edda menor a la que esperaban el mercado y los analistas, que proyectaban un nuevo desplome del 15%, inform\u00f3 el Banco Central.<br \/>\nCon esta cifra, la econom\u00eda chilena anot\u00f3 un retroceso de 13,9% durante el segundo trimestre (enero-marzo fue de -6,72%), lo que supone el peor trimestre desde los a\u00f1os 80. En abril, la contracci\u00f3n fue de 14,1% y en mayo, el descalabro lleg\u00f3 a -15,3%. La serie desestacionalizada, apunt\u00f3 el instituto emisor, creci\u00f3 en junio 1,7% respecto del mes precedente y disminuy\u00f3 13,3% en doce meses. Este a\u00f1o junio registr\u00f3 un d\u00eda h\u00e1bil m\u00e1s que en 2019.<br \/>\nEl indicador minero creci\u00f3 2,2%, y el no minero cay\u00f3 14%. De acuerdo con el informe del Central, el resultado se vio impactado por los efectos de la emergencia sanitaria.<br \/>\nEn este contexto, las actividades m\u00e1s afectadas fueron los servicios y la construcci\u00f3n, y, en menor medida, el comercio y la industria manufacturera. En los servicios, destacaron las ca\u00eddas de educaci\u00f3n, transporte, restaurantes y hoteles, y servicios empresariales.<br \/>\nEn t\u00e9rminos desestacionalizados, con respecto al mes anterior, el indicador minero aument\u00f3 1,1% y el no minero lo hizo en 1,7%.<br \/>\nEl gobierno valor\u00f3 la baja y estim\u00f3 que &#8220;quiz\u00e1s podr\u00edamos estar observando un punto de inflexi\u00f3n&#8221; al ser &#8220;menos mala a la esperada&#8221;, aunque esto &#8220;no significa cantar victoria&#8221;.<br \/>\nEn palabras del ministro de Econom\u00eda, Lucas Palacios, &#8220;desde ese punto de vista, quiz\u00e1s podr\u00edamos estar observando un punto de inflexi\u00f3n, que tambi\u00e9n se condice con la expectativas econ\u00f3micas de los consumidores&#8221;.<br \/>\n&#8220;Estamos viendo de alguna forma la luz al final del t\u00fanel, lo que se refleja, por ejemplo, que algunas regiones ya est\u00e9n en el paso cuatro de cinco, es decir, abriendo inicialmente algunas actividades que el Ministerio de Salud hab\u00eda restringido por la pandemia&#8221;, a\u00f1adi\u00f3.<br \/>\nEn declaraciones a radio Cooperativa aclar\u00f3 que &#8220;esto no significa ni cantar victoria, ser autocomplaciente&#8221;, sino que &#8220;hay que ser muy responsable, ir paso a paso, de a poco recuperando los puestos de trabajo de nuestra econom\u00eda y las condiciones sociales de las personas&#8221;.<br \/>\nEl ministro de Hacienda, Ignacio Briones, coment\u00f3 en tanto que &#8220;los datos de la actividad econ\u00f3mica de junio &#8220;muestran una importante&#8221; y &#8220;sustantiva&#8221; nueva ca\u00edda de la econom\u00eda, aunque tambi\u00e9n reconoci\u00f3 que la baja &#8220;es menor a lo que los analistas del mercado estimaban&#8221;.<br \/>\nEl jefe del Tesoro p\u00fablico recalc\u00f3 que &#8220;como Gobierno, nuestra principal prioridad es volver a levantarnos, recuperar nuestra econom\u00eda, y por sobre todas las cosas, recuperar nuestro empleo del cual dependen los ingresos de cientos de miles familias en Chile&#8221;.<\/p>\n","protected":false},"excerpt":{"rendered":"<p>Ca\u00edda, empero, es menor a la esperada, y 2,2% mejor que en mayo &nbsp; SANTIAGO DE CHILE, 04 AGO &#8211; La econom\u00eda chilena se contrajo&hellip;<\/p>\n","protected":false},"author":99,"featured_media":0,"comment_status":"open","ping_status":"open","sticky":false,"template":"","format":"standard","meta":{"footnotes":""},"categories":[23],"tags":[],"class_list":["post-493193","post","type-post","status-publish","format-standard","hentry","category-latinoamerica"],"_links":{"self":[{"href":"https:\/\/diarioelpopular.com\/index.php\/wp-json\/wp\/v2\/posts\/493193","targetHints":{"allow":["GET"]}}],"collection":[{"href":"https:\/\/diarioelpopular.com\/index.php\/wp-json\/wp\/v2\/posts"}],"about":[{"href":"https:\/\/diarioelpopular.com\/index.php\/wp-json\/wp\/v2\/types\/post"}],"author":[{"embeddable":true,"href":"https:\/\/diarioelpopular.com\/index.php\/wp-json\/wp\/v2\/users\/99"}],"replies":[{"embeddable":true,"href":"https:\/\/diarioelpopular.com\/index.php\/wp-json\/wp\/v2\/comments?post=493193"}],"version-history":[{"count":1,"href":"https:\/\/diarioelpopular.com\/index.php\/wp-json\/wp\/v2\/posts\/493193\/revisions"}],"predecessor-version":[{"id":493195,"href":"https:\/\/diarioelpopular.com\/index.php\/wp-json\/wp\/v2\/posts\/493193\/revisions\/493195"}],"wp:attachment":[{"href":"https:\/\/diarioelpopular.com\/index.php\/wp-json\/wp\/v2\/media?parent=493193"}],"wp:term":[{"taxonomy":"category","embeddable":true,"href":"https:\/\/diarioelpopular.com\/index.php\/wp-json\/wp\/v2\/categories?post=493193"},{"taxonomy":"post_tag","embeddable":true,"href":"https:\/\/diarioelpopular.com\/index.php\/wp-json\/wp\/v2\/tags?post=493193"}],"curies":[{"name":"wp","href":"https:\/\/api.w.org\/{rel}","templated":true}]}}