{"id":493204,"date":"2020-08-04T21:17:46","date_gmt":"2020-08-05T01:17:46","guid":{"rendered":"https:\/\/diarioelpopular.com\/?p=493204"},"modified":"2020-08-04T21:18:13","modified_gmt":"2020-08-05T01:18:13","slug":"expresidente-alvaro-uribe-a-prision","status":"publish","type":"post","link":"https:\/\/diarioelpopular.com\/index.php\/2020\/08\/04\/expresidente-alvaro-uribe-a-prision\/","title":{"rendered":"Expresidente Alvaro Uribe a prisi\u00f3n"},"content":{"rendered":"<div id=\"attachment_493205\" style=\"width: 486px\" class=\"wp-caption alignnone\"><img loading=\"lazy\" decoding=\"async\" aria-describedby=\"caption-attachment-493205\" class=\"size-custom-full-size wp-image-493205\" src=\"https:\/\/diarioelpopular.com\/wp-content\/uploads\/2020\/08\/80dceb53527cfabce5f5824a479cd98f.jpg\" alt=\"\" width=\"476\" height=\"667\" \/><p id=\"caption-attachment-493205\" class=\"wp-caption-text\"><em>Expresidente colombiano Alvaro Uribe a prisi\u00f3n (foto: EPA)<\/em><\/p><\/div>\n<h4><em><strong>Duque sale en su defensa en alocuci\u00f3n presidencial<\/strong><\/em><\/h4>\n<p><em><strong>BOGOT\u00c1, 04 AGO &#8211;<\/strong> <\/em>La Corte Suprema de Justicia orden\u00f3 hoy la detenci\u00f3n del expresidente y senador de derecha, Alvaro Uribe (2002-2010), en el marco de una investigaci\u00f3n por presunta manipulaci\u00f3n de testigos y en un hecho sin precedentes jur\u00eddicos en la historia del pa\u00eds.<br \/>\nFue el mismo exmandatario y legislador quien avis\u00f3 de la orden de detenci\u00f3n, que ser\u00eda en su lugar de residencia y sobre la que hasta ahora no se pronunci\u00f3 de manera oficial la Corte Suprema.<br \/>\n&#8220;La privaci\u00f3n de mi libertad me causa profunda tristeza por mi se\u00f1ora, por mi familia y por los colombianos que todav\u00eda creen que algo bueno he hecho por la Patria&#8221;, escribi\u00f3 Uribe en Twitter.<br \/>\nEl expresidente qued\u00f3 en el ojo jur\u00eddico de la Corte Suprema tras denunciar a\u00f1os atr\u00e1s que el senador de izquierda Iv\u00e1n Cepeda recorr\u00eda c\u00e1rceles en la supuesta b\u00fasqueda de testigos falsos para incriminarlo a \u00e9l y a su hermano Santiago de tener nexos con grupos paramilitares.<br \/>\nCuando los jueces indagaron por el tema descubrieron que uno de los abogados del expresidente al parecer ofreci\u00f3 y entreg\u00f3 dineros a testigos para inculpar a Cepeda, de manera que el rumbo de la investigaci\u00f3n cambi\u00f3.<br \/>\nDesde el fin de semana, el partido de gobierno Centro Democr\u00e1tico (derecha) emprendi\u00f3 una campa\u00f1a en la que alertaba del inminente arresto de su m\u00e1ximo l\u00edder pol\u00edtico.<br \/>\nHasta el presidente, Iv\u00e1n Duque, sali\u00f3 en la v\u00edspera y hoy en respaldo de su mentor pol\u00edtico al que calific\u00f3 de &#8220;patriota&#8221;, al tiempo que reclam\u00f3 se le permitiera adelantar su defensa en libertad.<br \/>\nEsta tarde y una vez Uribe avis\u00f3 de su detenci\u00f3n, Duque en una alocuci\u00f3n desde la Casa de Nari\u00f1o (sede del gobierno) volvi\u00f3 a reclamar a los jueces por la suerte del exmandatario.<br \/>\n&#8220;Como presidente hago un llamado a la reflexi\u00f3n: entiendo el papel de las instituciones y la independencia de poderes; como ciudadano y creyente en las instituciones, espero que las v\u00edas judiciales operen, y que existan plenas garant\u00edas para que un ser humano \u00edntegro ejerza a plenitud su defensa en libertad&#8221;, manifest\u00f3 el mandatario.<br \/>\nDuque reiter\u00f3 su argumento seg\u00fan el cual le dol\u00eda que mientras &#8220;muchos de los que han lacerado al pa\u00eds con barbarie se defiendan en libertad&#8221; y seg\u00fan \u00e9l tienen &#8220;garantizado jam\u00e1s ir a prisi\u00f3n&#8221; a Uribe que ocup\u00f3 &#8220;la m\u00e1s alta dignidad del Estado, no se le permita defenderse en libertad, con la presunci\u00f3n de inocencia&#8221;.<br \/>\nLos congresistas del partido de gobierno, tambi\u00e9n salieron en defensa de Uribe.<br \/>\nEl representante a la C\u00e1mara (diputados) Edward Rodr\u00edguez, del Centro Democr\u00e1tico, avis\u00f3 que pedir\u00e1 a la comisi\u00f3n de acusaciones del Congreso que se abra una investigaci\u00f3n contra los magistrados que decidieron el arresto del l\u00edder pol\u00edtico.<br \/>\n&#8220;Uno no puede obrar aqu\u00ed con apasionamientos sino conforme al derecho y lo que hemos visto en derecho es que no hay nada para darle una medida de aseguramiento de casa por c\u00e1rcel al presidente Uribe y me parece m\u00e1s que es un mensaje pol\u00edtico que jur\u00eddico, y eso es lamentable para el pa\u00eds&#8221;, afirm\u00f3 el diputado oficialista.<br \/>\n&#8220;Esta injusticia es la m\u00e1s grande que he visto, en este pa\u00eds de injusticias. Qu\u00e9 dolor m\u00e1s grande&#8221;, escribi\u00f3 en Twitter la senadora Paloma Valencia del partido de gobierno.<br \/>\n&#8220;Los guerrilleros impunes en el Congreso y Uribe preso. Esta es Colombia, en la que no hay misericordia para quienes defienden la patria y en cambio s\u00ed hay clemencia para quienes la destrozan&#8221;, dijo en la misma red social la tambi\u00e9n legisladora de derecha Mar\u00eda Fernanda Cabal.<br \/>\nJos\u00e9 Miguel Vivanco, director para las Am\u00e9ricas de Human Right Watch, felicit\u00f3 a la Corte Suprema &#8220;por actuar con responsabilidad al ordenar la detenci\u00f3n domiciliaria de Uribe&#8221; y demostrar que &#8220;hasta los m\u00e1s poderosos son iguales ante la ley&#8221;, adem\u00e1s reclam\u00f3 respeto a la &#8220;independencia judicial&#8221;.<br \/>\n&#8220;Comunidad internacional respaldar\u00e1 a la Corte&#8221;, agreg\u00f3 en Twitter Vivanco quien sostuvo que &#8220;decisi\u00f3n de la Corte Suprema demuestra que Colombia NO es Venezuela&#8221;.<br \/>\nLa alcaldesa de Bogot\u00e1, Claudia L\u00f3pez, defendi\u00f3 a la Corte al afirmar &#8220;nadie est\u00e1 por encima de la Ley, esa es la esencia y verdadera vigencia del Estado de Derecho. Las decisiones de la Justicia se respetan, se controvierten en derecho y se acatan.<br \/>\nComo ciudadana y alcaldesa respeto y rodeo a las autoridades judiciales&#8221;, escribi\u00f3.<\/p>\n","protected":false},"excerpt":{"rendered":"<p>Duque sale en su defensa en alocuci\u00f3n presidencial BOGOT\u00c1, 04 AGO &#8211; La Corte Suprema de Justicia orden\u00f3 hoy la detenci\u00f3n del expresidente y senador&hellip;<\/p>\n","protected":false},"author":99,"featured_media":0,"comment_status":"open","ping_status":"open","sticky":false,"template":"","format":"standard","meta":{"footnotes":""},"categories":[23],"tags":[],"class_list":["post-493204","post","type-post","status-publish","format-standard","hentry","category-latinoamerica"],"_links":{"self":[{"href":"https:\/\/diarioelpopular.com\/index.php\/wp-json\/wp\/v2\/posts\/493204","targetHints":{"allow":["GET"]}}],"collection":[{"href":"https:\/\/diarioelpopular.com\/index.php\/wp-json\/wp\/v2\/posts"}],"about":[{"href":"https:\/\/diarioelpopular.com\/index.php\/wp-json\/wp\/v2\/types\/post"}],"author":[{"embeddable":true,"href":"https:\/\/diarioelpopular.com\/index.php\/wp-json\/wp\/v2\/users\/99"}],"replies":[{"embeddable":true,"href":"https:\/\/diarioelpopular.com\/index.php\/wp-json\/wp\/v2\/comments?post=493204"}],"version-history":[{"count":2,"href":"https:\/\/diarioelpopular.com\/index.php\/wp-json\/wp\/v2\/posts\/493204\/revisions"}],"predecessor-version":[{"id":493207,"href":"https:\/\/diarioelpopular.com\/index.php\/wp-json\/wp\/v2\/posts\/493204\/revisions\/493207"}],"wp:attachment":[{"href":"https:\/\/diarioelpopular.com\/index.php\/wp-json\/wp\/v2\/media?parent=493204"}],"wp:term":[{"taxonomy":"category","embeddable":true,"href":"https:\/\/diarioelpopular.com\/index.php\/wp-json\/wp\/v2\/categories?post=493204"},{"taxonomy":"post_tag","embeddable":true,"href":"https:\/\/diarioelpopular.com\/index.php\/wp-json\/wp\/v2\/tags?post=493204"}],"curies":[{"name":"wp","href":"https:\/\/api.w.org\/{rel}","templated":true}]}}