{"id":493215,"date":"2020-08-05T22:54:56","date_gmt":"2020-08-06T02:54:56","guid":{"rendered":"https:\/\/diarioelpopular.com\/?p=493215"},"modified":"2020-08-05T22:54:56","modified_gmt":"2020-08-06T02:54:56","slug":"a-10-anos-de-la-tragedia-de-los-33-mineros","status":"publish","type":"post","link":"https:\/\/diarioelpopular.com\/index.php\/2020\/08\/05\/a-10-anos-de-la-tragedia-de-los-33-mineros\/","title":{"rendered":"A 10 a\u00f1os de la tragedia de los 33 mineros"},"content":{"rendered":"<div id=\"attachment_493216\" style=\"width: 310px\" class=\"wp-caption alignnone\"><img loading=\"lazy\" decoding=\"async\" aria-describedby=\"caption-attachment-493216\" class=\"size-medium wp-image-493216\" src=\"https:\/\/diarioelpopular.com\/wp-content\/uploads\/2020\/08\/90a973219bf45e4949819d22b6b54c5d-300x220.jpg\" alt=\"\" width=\"300\" height=\"220\" \/><p id=\"caption-attachment-493216\" class=\"wp-caption-text\">A 10 a\u00f1os de la tragedia de los 33 mineros.<\/p><\/div>\n<p><em><strong>SANTIAGO DEL CHILE, 06 AGO &#8211;<\/strong><\/em> Las autoridades chilenas destacaron hoy el descenso del 75% en la fatalidad minera en los \u00faltimos 10 a\u00f1os, al recordar el d\u00e9cimo aniversario del accidente de los 33 mineros atrapados a 700 metros de profundidad en el desierto de Atacama.<br \/>\nA\u00fan vuelve a estremecer la haza\u00f1a de estos trabajadores que resistieron 70 d\u00edas bajo tierra -a una cucharada de at\u00fan y un sorbo de agua-, liderados por el jefe de turno Luis Urz\u00faa, quien particip\u00f3 en la ceremonia oficial en el Servicio Nacional de Geolog\u00eda y Miner\u00eda (Sernageom\u00edn).<br \/>\nEl minero reflexion\u00f3 con la mirada que da el tiempo sobre lo que fall\u00f3 ese d\u00eda y por qu\u00e9 ocurri\u00f3 el accidente a 800 kil\u00f3metros al norte de Santiago.<br \/>\nCont\u00f3 que \u00e9l llevaba solo dos meses en esa mina y que lo hab\u00edan contratado espec\u00edficamente para &#8220;arreglar un poco&#8221; la parte de seguridad, pero abajo en la mina.<br \/>\n&#8220;Nos pas\u00f3 que 20 d\u00edas antes del accidente, hubo un derrumbe, pero no se inform\u00f3, no se hizo el estudio necesario para saber qu\u00e9 estaba pasando, si eran los pilares o los puentes. Solo cuando vuelve a ocurrir un hecho similar, un estallido de roca muy fuerte, los que analizaban en la superficie dijeron que no iba a pasar nada, que la roca de la mina era un cerro duro, por lo que nosotros seguimos trabajando normal&#8221;, record\u00f3 Urz\u00faa.<br \/>\n&#8220;Quiz\u00e1s ellos sab\u00edan lo que estaba pasando, pero no est\u00e1bamos al tanto de la geolog\u00eda, y eso a m\u00ed me ha hecho pensar de por qu\u00e9 se oculta esa informaci\u00f3n. Hoy puedo decirlo, porque estamos vivos. Nosotros no sab\u00edamos la dimensi\u00f3n de donde est\u00e1bamos, no ten\u00edamos camino auxiliar, est\u00e1bamos con las manos amarradas&#8221; y depend\u00edan solo de las personas que estaban en la superficie, prosigui\u00f3 el trabajador.<br \/>\n&#8220;Nosotros sac\u00e1bamos cuentas y dec\u00edamos, puede llegar un grupo electr\u00f3geno de una minera grande, eran las conversaciones que ten\u00edamos, cuando pasa la parte critica de los primeros d\u00edas, porque no se sent\u00eda nada si nos estaban rescatando, ni se escuchaban equipos de rescate porque la roca era muy grande, no hab\u00eda c\u00f3mo mandar un mensaje&#8221;, describi\u00f3 Urz\u00faa.<br \/>\n&#8220;\u00bfC\u00f3mo nos pueden sacar?&#8221;, fue la pregunta permanente entre los mineros. Urz\u00faa afirm\u00f3 que &#8220;la gente de arriba sab\u00eda que el cerro estaba crujiendo, all\u00ed es donde uno se pregunta, \u00bfqu\u00e9 nos fall\u00f3? por sacar una tonelada m\u00e1s de metal, d\u00f3nde estuvo la falla&#8221;.<br \/>\nRememor\u00f3 ese 5 de agosto, cuando lleg\u00f3 para hacer el relevo a las siete de la ma\u00f1ana: &#8220;del turno saliente me dicen que no hab\u00eda novedades, que estaba todo normal, por lo tanto, uno conf\u00eda en quienes est\u00e1n m\u00e1s arriba que uno&#8221;.<br \/>\nA su juicio, &#8220;la comunicaci\u00f3n es lo m\u00e1s importante, y creo que esa es una de las cosas rescatables del accidente, saber c\u00f3mo aprovechar la experiencia del accidente, para entregar dicho conocimiento a otros trabajadores del sector, para generar el autocuidado y la prevenci\u00f3n&#8221;.<br \/>\nLas autoridades compartieron que el accidente de los 33 marc\u00f3 una inflexi\u00f3n en la miner\u00eda chilena.<br \/>\nEl ministro de Miner\u00eda, Baldo Prokurica, quien hace 10 a\u00f1os era legislador por la regi\u00f3n de Atacama, valor\u00f3 la mejora de las cifras en materia de fatalidad y accidentabilidad desde el 2010, que se han reducido en 75%. Mencion\u00f3 que de 45 fallecidos en 2010 se pas\u00f3 a 14 en 2019 y dio cuenta de la inversi\u00f3n regional que antes era de 500 millones de d\u00f3lares que se distribu\u00eda en tres regiones y hoy llega a 2.000 millones de d\u00f3lares que se reparten en ocho regiones.<br \/>\nEl director del Sernageom\u00edn, Alfonso Domeyko, relat\u00f3 que despu\u00e9s del accidente de la mina San Jos\u00e9 al organismo &#8220;se le entregaron m\u00e1s recursos para mejorar la gesti\u00f3n y la labor fiscalizadora&#8221;.<br \/>\nPor ejemplo, el a\u00f1o 2010 el Servicio contaba con 15 fiscalizadores y se hac\u00edan aproximadamente 2.500 fiscalizaciones anuales. La dotaci\u00f3n actual de fiscalizadores supera las 60 personas, y en 2019 se realizaron m\u00e1s de 10.000 fiscalizaciones.<br \/>\nPaul Schiodtz, presidente de la Asociaci\u00f3n Chilena de Seguridad (ACHS), entidad que trabaj\u00f3 en la contenci\u00f3n de los familiares durante la espera del rescate y luego apoy\u00f3 el trabajo de adaptaci\u00f3n y la &#8220;vuelta&#8221; a la vida de los mineros, destac\u00f3 el cambio cultural que se ha generado desde el accidente de Atacama.<br \/>\nAsegur\u00f3 que &#8220;en t\u00e9rminos de resultados de seguridad, estos \u00faltimos diez a\u00f1os han sido los mejores de toda nuestra historia, y es destacable que la miner\u00eda muestra los mejores niveles sectoriales en el pa\u00eds&#8221;.<\/p>\n","protected":false},"excerpt":{"rendered":"<p>SANTIAGO DEL CHILE, 06 AGO &#8211; Las autoridades chilenas destacaron hoy el descenso del 75% en la fatalidad minera en los \u00faltimos 10 a\u00f1os, al&hellip;<\/p>\n","protected":false},"author":99,"featured_media":0,"comment_status":"open","ping_status":"open","sticky":false,"template":"","format":"standard","meta":{"footnotes":""},"categories":[23],"tags":[],"class_list":["post-493215","post","type-post","status-publish","format-standard","hentry","category-latinoamerica"],"_links":{"self":[{"href":"https:\/\/diarioelpopular.com\/index.php\/wp-json\/wp\/v2\/posts\/493215","targetHints":{"allow":["GET"]}}],"collection":[{"href":"https:\/\/diarioelpopular.com\/index.php\/wp-json\/wp\/v2\/posts"}],"about":[{"href":"https:\/\/diarioelpopular.com\/index.php\/wp-json\/wp\/v2\/types\/post"}],"author":[{"embeddable":true,"href":"https:\/\/diarioelpopular.com\/index.php\/wp-json\/wp\/v2\/users\/99"}],"replies":[{"embeddable":true,"href":"https:\/\/diarioelpopular.com\/index.php\/wp-json\/wp\/v2\/comments?post=493215"}],"version-history":[{"count":1,"href":"https:\/\/diarioelpopular.com\/index.php\/wp-json\/wp\/v2\/posts\/493215\/revisions"}],"predecessor-version":[{"id":493217,"href":"https:\/\/diarioelpopular.com\/index.php\/wp-json\/wp\/v2\/posts\/493215\/revisions\/493217"}],"wp:attachment":[{"href":"https:\/\/diarioelpopular.com\/index.php\/wp-json\/wp\/v2\/media?parent=493215"}],"wp:term":[{"taxonomy":"category","embeddable":true,"href":"https:\/\/diarioelpopular.com\/index.php\/wp-json\/wp\/v2\/categories?post=493215"},{"taxonomy":"post_tag","embeddable":true,"href":"https:\/\/diarioelpopular.com\/index.php\/wp-json\/wp\/v2\/tags?post=493215"}],"curies":[{"name":"wp","href":"https:\/\/api.w.org\/{rel}","templated":true}]}}