{"id":493221,"date":"2020-08-05T23:01:13","date_gmt":"2020-08-06T03:01:13","guid":{"rendered":"https:\/\/diarioelpopular.com\/?p=493221"},"modified":"2020-08-05T23:01:13","modified_gmt":"2020-08-06T03:01:13","slug":"arresto-de-uribe-abre-debate-ideologico","status":"publish","type":"post","link":"https:\/\/diarioelpopular.com\/index.php\/2020\/08\/05\/arresto-de-uribe-abre-debate-ideologico\/","title":{"rendered":"Arresto de Uribe abre debate ideol\u00f3gico"},"content":{"rendered":"<div id=\"attachment_493222\" style=\"width: 310px\" class=\"wp-caption alignnone\"><img loading=\"lazy\" decoding=\"async\" aria-describedby=\"caption-attachment-493222\" class=\"size-medium wp-image-493222\" src=\"https:\/\/diarioelpopular.com\/wp-content\/uploads\/2020\/08\/feb48c806a63b90aaaa19e9116691b48-300x205.jpg\" alt=\"\" width=\"300\" height=\"205\" \/><p id=\"caption-attachment-493222\" class=\"wp-caption-text\"><em>El expresidente Uribe<\/em><\/p><\/div>\n<h4><em><strong>Derecha habla de &#8220;complot&#8221; internacional de la izquierda<\/strong><\/em><\/h4>\n<p><em><strong>BOGOT\u00c1, 05 AGO &#8211;<\/strong> <\/em>Alvaro Uribe, el expresidente contempor\u00e1neo m\u00e1s influyente de Colombia y un f\u00e9rreo opositor de los gobiernos de izquierda y progresistas, est\u00e1 tras las rejas, lo que ha desatado posiciones a favor y en contra de su situaci\u00f3n que reflejan las sombras de un debate de posturas pol\u00edticas inacabadas en la regi\u00f3n.<br \/>\n&#8220;La poblaci\u00f3n colombiana -estoy convencido- en su mayor\u00eda quiere el respeto a la Corte, a la justicia; yo rodeo a la Corte&#8221;, manifest\u00f3 hoy en una sesi\u00f3n virtual del Legislativo el congresista de izquierda Gustavo Petro.<br \/>\nEl senador, excandidato presidencial y exalcalde de Bogot\u00e1, lament\u00f3 el encarcelamiento domiciliario del expresidente y tambi\u00e9n senador Alvaro Uribe, tras una orden emitida por la Corte Suprema de Justicia que lo investiga por los delitos de &#8220;soborno a testigo en actuaci\u00f3n penal y fraude procesal&#8221;.<br \/>\nEl pedido de Petro de respetar y rodear a la Corte surgi\u00f3 luego que el partido gobernante Centro Democr\u00e1tica (derecha) anunciara hoy de la intenci\u00f3n de convocar a una asamblea constituyente para reformar la justicia, una posici\u00f3n que por ahora no cont\u00f3 con el respaldo del presidente, Iv\u00e1n Duque.<br \/>\nLa principal vocera de la propuesta de esa constituyente es la senadora derechista Paloma Valencia, quien asegur\u00f3 que el arresto de Uribe hace parte de &#8220;un complot de la izquierda&#8221; que ha buscado enlodar su nombre y desprestigiarlo.<br \/>\nSeg\u00fan la legisladora, del mismo partido de Duque y Uribe, fue Hugo Ch\u00e1vez, el fallecido presidente de Venezuela, quien seg\u00fan ella inici\u00f3 la campa\u00f1a de desprestigio regional contra Uribe, al vincularlo con el paramilitarismo local.<br \/>\n&#8220;Despu\u00e9s empezaron (Rafael, NDR) Correa, Evo Morales, Nicol\u00e1s Maduro, que todav\u00eda le sigue diciendo paramilitar y esto surgi\u00f3 en los foros de San Pablo y se ha ido reforzando en los diferentes foros de izquierda radical que existen en el mundo, donde consideraban al presidente Uribe la puerta cerrada frente a la llegada del socialismo del siglo XXI a Colombia&#8221;, conjetur\u00f3.<br \/>\nOtto Reich, exsubsecretario de Estado de Estados Unidos para el hemisferio occidental entre 2002 y 2004 durante el gobierno de George W Bush, se ubic\u00f3 en la misma orilla de la senadora colombiana al hablar de una supuesta &#8220;persecuci\u00f3n&#8221; de la izquierda contra Uribe.<br \/>\n&#8220;No tengo todos los datos pero s\u00e9 que desde hace a\u00f1os la izquierda en Am\u00e9rica Latina ha estado persiguiendo a Alvaro Uribe, porque no le perdonan el hecho de que fue la persona que evit\u00f3 que las FARC se hubieran tomado el poder de Colombia y convertido en otra Venezuela&#8221;, asegur\u00f3 en declaraciones a La FM.<br \/>\nBasado en conjeturas y en los dichos de supuestos amigos que lo informan de la realidad colombiana, Reich sostuvo que existen sectores en el pa\u00eds que est\u00e1n &#8220;preocupados&#8221; por la &#8220;infiltraci\u00f3n de la izquierda&#8221; en el poder judicial del pa\u00eds.<br \/>\nFernando Giraldo, profesor de ciencia pol\u00edtica y relaciones internacionales de la Universidad del Norte de Barranquilla, calific\u00f3 las versiones de supuestos complots de un &#8220;resquicio de la guerra fr\u00eda cuando hab\u00eda una lucha entre comunismo y capitalismo&#8221;.<br \/>\nEl acad\u00e9mico dijo que la decisi\u00f3n adoptada por la Corte Suprema contra Uribe es un antecedente in\u00e9dito en la historia local y acerca al pa\u00eds al resto de naciones latinoamericanas que no temen enjuiciar y encarcelar a sus dirigentes pol\u00edticos.<br \/>\nLo ocurrido &#8220;es percibido&#8221; en el contexto latinoamericano como la muestra de que &#8220;Colombia era el \u00faltimo pa\u00eds que faltaba para que los presidentes tambi\u00e9n fueran llevados ante los tribunales. Esto tiene un impacto pol\u00edtico en el sentido de reconocer que la justicia y la democracia tambi\u00e9n tienden a esparcirse en todos los territorios&#8221;.<br \/>\nPara Giraldo, es muy simplista reducir la compleja realidad pol\u00edtica de Colombia a un &#8220;sistema binario&#8221; entre comunistas y anticomunistas, al tiempo que pidi\u00f3 no &#8220;involucrar a las instituciones del Estado&#8221; en ese tipo de debates.<br \/>\nSostuvo que la idea de un supuesto complot de la izquierda es una muestra del &#8220;sentimiento de dolor&#8221; que embarga al partido de gobierno en estos momentos, que siente que se les ha propinado un &#8220;golpe al coraz\u00f3n&#8221; de sus afectos al detener a su l\u00edder pol\u00edtico.<br \/>\nAdam Isacson, director para veedur\u00eda de defensa de la ONG estadounidense de derechos humanos WOLA, pidi\u00f3 desde Washington que en la medida en que avancen los procesos judiciales contra Uribe resultar\u00e1 &#8220;fundamental&#8221; que los &#8220;funcionarios estatales respeten y defiendan la independencia de los tribunales y el sistema de justicia de Colombia&#8221;.<\/p>\n","protected":false},"excerpt":{"rendered":"<p>Derecha habla de &#8220;complot&#8221; internacional de la izquierda BOGOT\u00c1, 05 AGO &#8211; Alvaro Uribe, el expresidente contempor\u00e1neo m\u00e1s influyente de Colombia y un f\u00e9rreo opositor&hellip;<\/p>\n","protected":false},"author":99,"featured_media":0,"comment_status":"open","ping_status":"open","sticky":false,"template":"","format":"standard","meta":{"footnotes":""},"categories":[23],"tags":[],"class_list":["post-493221","post","type-post","status-publish","format-standard","hentry","category-latinoamerica"],"_links":{"self":[{"href":"https:\/\/diarioelpopular.com\/index.php\/wp-json\/wp\/v2\/posts\/493221","targetHints":{"allow":["GET"]}}],"collection":[{"href":"https:\/\/diarioelpopular.com\/index.php\/wp-json\/wp\/v2\/posts"}],"about":[{"href":"https:\/\/diarioelpopular.com\/index.php\/wp-json\/wp\/v2\/types\/post"}],"author":[{"embeddable":true,"href":"https:\/\/diarioelpopular.com\/index.php\/wp-json\/wp\/v2\/users\/99"}],"replies":[{"embeddable":true,"href":"https:\/\/diarioelpopular.com\/index.php\/wp-json\/wp\/v2\/comments?post=493221"}],"version-history":[{"count":1,"href":"https:\/\/diarioelpopular.com\/index.php\/wp-json\/wp\/v2\/posts\/493221\/revisions"}],"predecessor-version":[{"id":493223,"href":"https:\/\/diarioelpopular.com\/index.php\/wp-json\/wp\/v2\/posts\/493221\/revisions\/493223"}],"wp:attachment":[{"href":"https:\/\/diarioelpopular.com\/index.php\/wp-json\/wp\/v2\/media?parent=493221"}],"wp:term":[{"taxonomy":"category","embeddable":true,"href":"https:\/\/diarioelpopular.com\/index.php\/wp-json\/wp\/v2\/categories?post=493221"},{"taxonomy":"post_tag","embeddable":true,"href":"https:\/\/diarioelpopular.com\/index.php\/wp-json\/wp\/v2\/tags?post=493221"}],"curies":[{"name":"wp","href":"https:\/\/api.w.org\/{rel}","templated":true}]}}