{"id":493234,"date":"2020-08-06T11:40:09","date_gmt":"2020-08-06T15:40:09","guid":{"rendered":"https:\/\/diarioelpopular.com\/?p=493234"},"modified":"2020-08-06T11:40:09","modified_gmt":"2020-08-06T15:40:09","slug":"5-7-millones-regresan-a-trabajo-en-mexico","status":"publish","type":"post","link":"https:\/\/diarioelpopular.com\/index.php\/2020\/08\/06\/5-7-millones-regresan-a-trabajo-en-mexico\/","title":{"rendered":"5,7 millones regresan a trabajo en M\u00e9xico"},"content":{"rendered":"<div id=\"attachment_493235\" style=\"width: 310px\" class=\"wp-caption alignnone\"><img loading=\"lazy\" decoding=\"async\" aria-describedby=\"caption-attachment-493235\" class=\"size-medium wp-image-493235\" src=\"https:\/\/diarioelpopular.com\/wp-content\/uploads\/2020\/08\/772d7ea7a6fd2b7260263ee9c335ffe4-300x184.jpg\" alt=\"\" width=\"300\" height=\"184\" \/><p id=\"caption-attachment-493235\" class=\"wp-caption-text\"><em>Trabajadores vuelven al trabajo en M\u00e9xico.<\/em><br \/><em>(foto: EPA)<\/em><\/p><\/div>\n<h4><em><strong>Representan la mitad de los 12 millones que perdieron empleo<\/strong><\/em><\/h4>\n<p>&nbsp;<\/p>\n<p><em><strong>CIUDAD DE MEXICO, 06 AGO &#8211;<\/strong> <\/em>Al menos 5,7 millones de personas regresaron al mercado laboral en junio pasado, de acuerdo con el Instituto Nacional de Estad\u00edstica y Geograf\u00eda (INEGI), lo que demuestra que la econom\u00eda poco a poco se est\u00e1 nivelando.<br \/>\nSin embargo, a\u00fan persiste una gran incertidumbre sobre el golpe brutal que est\u00e1n sufriendo los bolsillos de los mexicanos como consecuencia del largo confinamiento a que se vieron sometidos durante meses, derivado de la pandemia de Covid-19 y que persiste en la mitad del pa\u00eds.<br \/>\nEl INEGI se\u00f1al\u00f3 que los resultados muestran &#8220;una primera recuperaci\u00f3n&#8221; de la castigada econom\u00eda mexicana.<br \/>\nNo obstante Jonathan Heath, vicegobernador del Banco de M\u00e9xico (Banxico, central), calcula que se habr\u00edan perdido unos 12 millones de empleos como resultado de la cuarentena.<br \/>\nLa inmensa mayor\u00eda de esos puestos perdidos temporalmente (casi el 90%), corresponde al mercado de la informalidad.<br \/>\nAsimismo, de los 5,7 millones de mexicanos reincorporados al mundo del trabajo, 901.000 todav\u00eda se declaran desocupados y est\u00e1n en busca de emplearse de nuevo.<br \/>\nDe acuerdo con la encuesta telef\u00f3nica levantada por el organismo aut\u00f3nomo, al reanudarse gradualmente la operaci\u00f3n de los negocios y empresas en actividades no esenciales, se observ\u00f3 una disminuci\u00f3n en 2,4 millones de los ausentes temporales con v\u00ednculo laboral.<br \/>\nEl retorno a las jornadas de tiempo completo registr\u00f3 un incremento de 4,4 millones de ocupados, de 3,5 millones entre quienes reciben entre uno y dos salarios m\u00ednimos.<br \/>\nAdicionalmente, los que retornaron a la informalidad laboral contabilizaron 3 millones y los que se encuentran subocupados (trabajan de medio tiempo y buscan otro empleo) 3,4 millones, agreg\u00f3 el reporte.<br \/>\nEn consecuencia, la tasa de desempleo registr\u00f3 un aumento de 4,2 a 5,5% en junio.<br \/>\nEn t\u00e9rminos absolutos, la poblaci\u00f3n sin empleo aument\u00f3 en 901.000 personas, al pasar de 1,9 a 2,8 millones, en ese mes, indic\u00f3 el informe.<br \/>\nSeg\u00fan el INEGI, la reactivaci\u00f3n econ\u00f3mica que reflejan estas cifras se podr\u00eda atribuir a la &#8220;reapertura gradual de los negocios y empresas en actividades econ\u00f3micas no esenciales&#8221;.<br \/>\nEste pa\u00eds ha resultado uno de los m\u00e1s resentidos por la &#8220;peste del siglo&#8221;, al ubicarse en el &#8220;top ten&#8221; de las naciones con m\u00e1s contagios (456.100 hasta ahora) y con m\u00e1s fallecimientos (casi 50.000), as\u00ed como con la m\u00e1s alta letalidad (10,9%), por encima de la media mundial.<br \/>\nAunque la cifra de casos registra una tendencia a la desaceleraci\u00f3n, sobre todo en la capital y su sobrepoblada periferia, a\u00fan hay &#8220;focos rojos&#8221; preocupantes en ciudades del norte, como Monterrey (estado de Nuevo Le\u00f3n) y Reynosa (Tamaulipas), del sureste, como Villahermosa (Tabasco) y del occidente como Tepic (Nayarit).<br \/>\nEl informe sobre el empleo coincidi\u00f3 con la divulgaci\u00f3n de otros en el cual se dio a conocer oficialmente de un retroceso de 21,3% en el comercio entre M\u00e9xico y Estados Unidos, comparado con el mismo per\u00edodo del 2019.<br \/>\nEl intercambio comercial total entre ambos pa\u00edses, que mantienen con Canad\u00e1 un acuerdo de libre intercambio desde 1994, para la primera mitad de 2020, sum\u00f3 243.090 millones de d\u00f3lares, contra 308.954 millones de id\u00e9ntico lapso del a\u00f1o pasado.<br \/>\nDe acuerdo con la Oficina del Censo estadunidense (Census Bureau), para los primeros seis meses de 2020, las exportaciones de M\u00e9xico a Estados Unidos sumaron 144.056 millones de d\u00f3lares, contra 179.481 millones de d\u00f3lares del primer semestre de 2019, lo que significa una ca\u00edda del 19,7%.<br \/>\nLas exportaciones totales mexicanas hacia Estados Unidos fueron las que m\u00e1s resintieron la inactividad, con un r\u00e9cord a la baja que no se ve\u00eda desde 2009.<br \/>\nMientras tanto, las importaciones de Estados Unidos a M\u00e9xico en los primeros seis meses de 2020, sumaron 99.034 millones de d\u00f3lares, una baja del 23,5%.<br \/>\nDe este modo, M\u00e9xico se mantuvo como segundo socio comercial de Estados Unidos, despu\u00e9s de China.<br \/>\nM\u00e9xico sufrir\u00eda una ca\u00edda del 10,5% en el Producto Interno Bruto (PIB) al cierre del a\u00f1o, como consecuencia de la recesi\u00f3n provocada por la crisis sanitaria, de acuerdo con las previsiones del Fondo Monetario Internacional (FMI).<\/p>\n","protected":false},"excerpt":{"rendered":"<p>Representan la mitad de los 12 millones que perdieron empleo &nbsp; CIUDAD DE MEXICO, 06 AGO &#8211; Al menos 5,7 millones de personas regresaron al&hellip;<\/p>\n","protected":false},"author":99,"featured_media":0,"comment_status":"open","ping_status":"open","sticky":false,"template":"","format":"standard","meta":{"footnotes":""},"categories":[23],"tags":[],"class_list":["post-493234","post","type-post","status-publish","format-standard","hentry","category-latinoamerica"],"_links":{"self":[{"href":"https:\/\/diarioelpopular.com\/index.php\/wp-json\/wp\/v2\/posts\/493234","targetHints":{"allow":["GET"]}}],"collection":[{"href":"https:\/\/diarioelpopular.com\/index.php\/wp-json\/wp\/v2\/posts"}],"about":[{"href":"https:\/\/diarioelpopular.com\/index.php\/wp-json\/wp\/v2\/types\/post"}],"author":[{"embeddable":true,"href":"https:\/\/diarioelpopular.com\/index.php\/wp-json\/wp\/v2\/users\/99"}],"replies":[{"embeddable":true,"href":"https:\/\/diarioelpopular.com\/index.php\/wp-json\/wp\/v2\/comments?post=493234"}],"version-history":[{"count":1,"href":"https:\/\/diarioelpopular.com\/index.php\/wp-json\/wp\/v2\/posts\/493234\/revisions"}],"predecessor-version":[{"id":493236,"href":"https:\/\/diarioelpopular.com\/index.php\/wp-json\/wp\/v2\/posts\/493234\/revisions\/493236"}],"wp:attachment":[{"href":"https:\/\/diarioelpopular.com\/index.php\/wp-json\/wp\/v2\/media?parent=493234"}],"wp:term":[{"taxonomy":"category","embeddable":true,"href":"https:\/\/diarioelpopular.com\/index.php\/wp-json\/wp\/v2\/categories?post=493234"},{"taxonomy":"post_tag","embeddable":true,"href":"https:\/\/diarioelpopular.com\/index.php\/wp-json\/wp\/v2\/tags?post=493234"}],"curies":[{"name":"wp","href":"https:\/\/api.w.org\/{rel}","templated":true}]}}