{"id":493284,"date":"2020-08-09T11:31:59","date_gmt":"2020-08-09T15:31:59","guid":{"rendered":"https:\/\/diarioelpopular.com\/?p=493284"},"modified":"2020-08-09T11:31:59","modified_gmt":"2020-08-09T15:31:59","slug":"fracasa-el-dialogo-sobre-la-fecha-de-las-elecciones","status":"publish","type":"post","link":"https:\/\/diarioelpopular.com\/index.php\/2020\/08\/09\/fracasa-el-dialogo-sobre-la-fecha-de-las-elecciones\/","title":{"rendered":"Fracasa el di\u00e1logo sobre la fecha de las elecciones"},"content":{"rendered":"<div id=\"attachment_493285\" style=\"width: 310px\" class=\"wp-caption alignnone\"><img loading=\"lazy\" decoding=\"async\" aria-describedby=\"caption-attachment-493285\" class=\"size-medium wp-image-493285\" src=\"https:\/\/diarioelpopular.com\/wp-content\/uploads\/2020\/08\/dbefcf1b56ebace253073abc4c1e1a8a-300x215.jpg\" alt=\"\" width=\"300\" height=\"215\" \/><p id=\"caption-attachment-493285\" class=\"wp-caption-text\"><em>No hay acuerdo sobre la fecha de las elecciones, seguir\u00e1n los cortes de ruta en Bolivia.<\/em><\/p><\/div>\n<h4><strong><em>Imposible acuerdo entre Tribunal Electoral y central obrera<\/em><\/strong><\/h4>\n<p>&nbsp;<\/p>\n<p><em><strong>LA PAZ, 09 AGO &#8211;<\/strong><\/em> Despu\u00e9s de horas de intensas discusiones por la noche, el di\u00e1logo sobre la fecha de realizaci\u00f3n de las elecciones en Bolivia entre los l\u00edderes del Tribunal Supremo Electoral (TSE) y la Confederaci\u00f3n de Trabajadores de Bolivia (COB) se cerr\u00f3 sin acuerdos.<br \/>\nLo informa hoy el portal de noticias Erbol.<br \/>\nDurante varios d\u00edas, el sindicato cercano al Movimiento al Socialismo (MAS) del expresidente Evo Morales inici\u00f3 una protesta en el pa\u00eds con decenas de barricadas que tambi\u00e9n impiden la distribuci\u00f3n de necesidades b\u00e1sicas y material para hospitales implicados en la lucha contra la pandemia de coronavirus.<br \/>\nLa disputa est\u00e1 anclada en la decisi\u00f3n del TSE de posponer las elecciones previstas inicialmente para el 6 septiembre al 18 de octubre.<br \/>\nLA COBA y el MAS criticado la decisi\u00f3n teniendo en cuenta que es una cuesti\u00f3n de competencia del Parlamento, y criticaron a la presidenta interina Jeanine Anez, acus\u00e1ndola de querer retrasar la votaci\u00f3n para perpetuarse en el poder.<br \/>\nLa reuni\u00f3n nocturna fue propiciada por el Parlamento, pero a petici\u00f3n de la COB que busca elegir una fecha para la votaci\u00f3n intermedia entre el 6 de septiembre y el 18 de octubre.<br \/>\nEl presidente del TSE, Salvador Romero, respondi\u00f3 que el 18 de octubre &#8220;es inamovible &#8220;.<br \/>\nUno de los l\u00edderes de la COB, Juan Carlos Huarachi, anunci\u00f3 que las protestas continuar\u00e1n y que &#8220;la las consecuencias (del corte de rutas y los bloqueos) ser\u00e1n responsabilidad del TSE y del gobierno boliviano&#8221;.<br \/>\nLas esperanzas de llegar a un acuerdo y evitar la intervenci\u00f3n a gran escala de la polic\u00eda o el ej\u00e9rcito, como hab\u00edan anunciado algunos ministros para romper los bloqueos, parecen diluirse.<br \/>\nPara este domingo se prev\u00e9 una reuni\u00f3n de fuerzas pol\u00edticas bolivianas convocada A\u00f1ez, aunque varios exponentes del centro y la derecha ya ha anunciado que no quiere participar.<\/p>\n","protected":false},"excerpt":{"rendered":"<p>Imposible acuerdo entre Tribunal Electoral y central obrera &nbsp; LA PAZ, 09 AGO &#8211; Despu\u00e9s de horas de intensas discusiones por la noche, el di\u00e1logo&hellip;<\/p>\n","protected":false},"author":99,"featured_media":0,"comment_status":"open","ping_status":"open","sticky":false,"template":"","format":"standard","meta":{"footnotes":""},"categories":[23],"tags":[],"class_list":["post-493284","post","type-post","status-publish","format-standard","hentry","category-latinoamerica"],"_links":{"self":[{"href":"https:\/\/diarioelpopular.com\/index.php\/wp-json\/wp\/v2\/posts\/493284","targetHints":{"allow":["GET"]}}],"collection":[{"href":"https:\/\/diarioelpopular.com\/index.php\/wp-json\/wp\/v2\/posts"}],"about":[{"href":"https:\/\/diarioelpopular.com\/index.php\/wp-json\/wp\/v2\/types\/post"}],"author":[{"embeddable":true,"href":"https:\/\/diarioelpopular.com\/index.php\/wp-json\/wp\/v2\/users\/99"}],"replies":[{"embeddable":true,"href":"https:\/\/diarioelpopular.com\/index.php\/wp-json\/wp\/v2\/comments?post=493284"}],"version-history":[{"count":1,"href":"https:\/\/diarioelpopular.com\/index.php\/wp-json\/wp\/v2\/posts\/493284\/revisions"}],"predecessor-version":[{"id":493286,"href":"https:\/\/diarioelpopular.com\/index.php\/wp-json\/wp\/v2\/posts\/493284\/revisions\/493286"}],"wp:attachment":[{"href":"https:\/\/diarioelpopular.com\/index.php\/wp-json\/wp\/v2\/media?parent=493284"}],"wp:term":[{"taxonomy":"category","embeddable":true,"href":"https:\/\/diarioelpopular.com\/index.php\/wp-json\/wp\/v2\/categories?post=493284"},{"taxonomy":"post_tag","embeddable":true,"href":"https:\/\/diarioelpopular.com\/index.php\/wp-json\/wp\/v2\/tags?post=493284"}],"curies":[{"name":"wp","href":"https:\/\/api.w.org\/{rel}","templated":true}]}}