{"id":493287,"date":"2020-08-09T11:34:00","date_gmt":"2020-08-09T15:34:00","guid":{"rendered":"https:\/\/diarioelpopular.com\/?p=493287"},"modified":"2020-08-09T11:34:00","modified_gmt":"2020-08-09T15:34:00","slug":"el-virus-resiste-y-mexico-va-a-un-plan-b","status":"publish","type":"post","link":"https:\/\/diarioelpopular.com\/index.php\/2020\/08\/09\/el-virus-resiste-y-mexico-va-a-un-plan-b\/","title":{"rendered":"El virus resiste y M\u00e9xico va a un &#8220;Plan B&#8221;"},"content":{"rendered":"<div id=\"attachment_493288\" style=\"width: 310px\" class=\"wp-caption alignnone\"><img loading=\"lazy\" decoding=\"async\" aria-describedby=\"caption-attachment-493288\" class=\"size-medium wp-image-493288\" src=\"https:\/\/diarioelpopular.com\/wp-content\/uploads\/2020\/08\/1d6f440117a99962c60d795e0d354d44-300x212.jpg\" alt=\"\" width=\"300\" height=\"212\" \/><p id=\"caption-attachment-493288\" class=\"wp-caption-text\"><em>Postal de Ciudad de M\u00e9xico en pandemia.<\/em><\/p><\/div>\n<h4><em><strong>Duras cr\u00edticas y m\u00e1s de 50 mil muertos desatan el giro<\/strong><\/em><\/h4>\n<p>&nbsp;<\/p>\n<p><em><strong>CIUDAD DE MEXICO, 09 AGO &#8211;<\/strong><\/em> Las autoridades sanitarias finalmente anunciaron que habr\u00e1 un &#8220;Plan B&#8221; contra la pandemia global de coronavirus en M\u00e9xico, ante la lluvia de cr\u00edticas contra el gobierno por su fracaso en contener la pandemia de Covid 19, luego que se rebas\u00f3 la barrera los 50.000 muertos.<br \/>\nDespu\u00e9s de m\u00faltiples llamados de cient\u00edficos y grupos de expertos que exig\u00edan pruebas masivas, rastreo de contagios, y uso de barbijos obligatorio y no voluntario, entre otras medidas, el gobierno azteca parece estar entendiendo que m\u00e1s de cuatro meses de estancamiento en la peste obligan a un viraje.<br \/>\nSeg\u00fan el \u00faltimo conteo oficial, se contabilizan 469.407 casos confirmados acumulados y 51.311 defunciones, lo que convierte a M\u00e9xico en el quinto pa\u00eds con mayor mortalidad en el continente y en el n\u00famero 12 con m\u00e1s infecciones por cada 100.000 habitantes.<br \/>\nLas propias autoridades sanitarias calculan que la cifra de casos est\u00e1 fuertemente subestimada y que la real tendr\u00eda que multiplicarse por 8,3 por lo que habr\u00eda al menos 3,8 millones de contagios (2,95% de la poblaci\u00f3n total).<br \/>\nLa desescalada ha sido muy lenta y eso exaspera a por lo menos la mitad de los 12 millones de personas que perdieron su empleo, que hasta ahora no han podido reincorporarse al mundo laboral, sobre todo en la econom\u00eda subterr\u00e1nea.<br \/>\nLa mitad del pa\u00eds se encuentra todav\u00eda sometido a medidas de confinamiento y el sistema de sem\u00e1foros establecido por las autoridades para la desescalada s\u00f3lo ha pasado del &#8220;rojo&#8221; al naranja en 15 de los 32 estados.<br \/>\nLas pruebas PCR de diagn\u00f3stico s\u00f3lo han sido aplicadas a un mill\u00f3n de personas, de 129 millones de habitantes, una cantidad \u00ednfima si se compara con la mayor\u00eda de los pa\u00edses m\u00e1s golpeados por el Covid-19.<br \/>\nAunque los detalles de la nueva estrategia no han sido difundidos, aparentemente el gobierno planea duplicar la aplicaci\u00f3n del testeo y poner m\u00e1s acento en el rastreo de los contagios.<br \/>\nTambi\u00e9n se prev\u00e9 idear mecanismos para generalizar el uso de mascarillas y modificar el plan de desconfinamiento que ha generado muchas fricciones con autoridades provinciales.<br \/>\nAlgunas fuentes hablan de que podr\u00eda volverse m\u00e1s flexible el denominado &#8220;sem\u00e1foro epidemiol\u00f3gico&#8221;, para ce\u00f1irse &#8220;a la realidad social, econ\u00f3mica y sanitaria&#8221; de cada estado.<br \/>\nEl actual m\u00e9todo de desconfinamiento ha originado fricciones entre el propio jefe de la repuesta del gobierno a la pandemia, Hugo L\u00f3pez-Gatell, y algunos gobernadores, 9 de los cuales pidieron hace poco su renuncia.<br \/>\nLa ministra de Gobernaci\u00f3n Olga S\u00e1nchez se\u00f1al\u00f3 que hay &#8220;fricciones naturales&#8221; pero jam\u00e1s ha habido &#8220;una ruptura&#8221;.<br \/>\nL\u00f3pez-Gatell rechaz\u00f3 las acusaciones de haber manejado en forma err\u00f3nea la pandemia y dijo que su manejo &#8220;ha sido acertado&#8221; su manejo en los primeros 5 meses, aunque admiti\u00f3 que &#8220;se requiere un nuevo abordaje&#8221;.<br \/>\nEn el caso de las muertes, hace dos semanas se difundi\u00f3 un estudio en 20 de los 32 estados, seg\u00fan el cual la cantidad verdadera ser\u00eda 2,6% la oficial, lo que dar\u00eda 131.344 fallecimientos.<br \/>\nLos epidemi\u00f3logos y los expertos de la propia Organizaci\u00f3n Mundial de la Salud (OMS) han advertido que en M\u00e9xico &#8220;lo peor est\u00e1 por llegar&#8221; y que el &#8220;pico&#8221; se alcanzar\u00eda este mes hasta que comience a desacelerarse a fines de agosto.<br \/>\nNo obstante, ahora el foco de la preocupaci\u00f3n se centrar\u00e1 en la llegada, al comenzar el oto\u00f1o en el Hemisferio Norte, es decir en septiembre pr\u00f3ximo, de la influenza, que se ha convertido en end\u00e9mica, por lo que se ha anunciado una anticipaci\u00f3n de la campa\u00f1a de vacunaciones.<br \/>\nPara noviembre pr\u00f3ximo, el Institute of Health Metrics de Washington, ha pronosticado 118.0000 muertos, pero llegar\u00edan hasta 153.000 si se relajan las medidas de restricci\u00f3n y podr\u00edan bajar a 104.000 si se impone el uso universal de barbijos.<br \/>\nL\u00f3pez-Gatell dio a conocer por primera vez la existencia del Plan B un c\u00f3nclave virtual con la Conferencia Nacional de Gobernadores presidida por la titular de Gobernaci\u00f3n, Olga S\u00e1nchez y el ministro de Salud, Jorge Alcocer.<\/p>\n","protected":false},"excerpt":{"rendered":"<p>Duras cr\u00edticas y m\u00e1s de 50 mil muertos desatan el giro &nbsp; CIUDAD DE MEXICO, 09 AGO &#8211; Las autoridades sanitarias finalmente anunciaron que habr\u00e1&hellip;<\/p>\n","protected":false},"author":99,"featured_media":0,"comment_status":"open","ping_status":"open","sticky":false,"template":"","format":"standard","meta":{"footnotes":""},"categories":[23],"tags":[],"class_list":["post-493287","post","type-post","status-publish","format-standard","hentry","category-latinoamerica"],"_links":{"self":[{"href":"https:\/\/diarioelpopular.com\/index.php\/wp-json\/wp\/v2\/posts\/493287","targetHints":{"allow":["GET"]}}],"collection":[{"href":"https:\/\/diarioelpopular.com\/index.php\/wp-json\/wp\/v2\/posts"}],"about":[{"href":"https:\/\/diarioelpopular.com\/index.php\/wp-json\/wp\/v2\/types\/post"}],"author":[{"embeddable":true,"href":"https:\/\/diarioelpopular.com\/index.php\/wp-json\/wp\/v2\/users\/99"}],"replies":[{"embeddable":true,"href":"https:\/\/diarioelpopular.com\/index.php\/wp-json\/wp\/v2\/comments?post=493287"}],"version-history":[{"count":1,"href":"https:\/\/diarioelpopular.com\/index.php\/wp-json\/wp\/v2\/posts\/493287\/revisions"}],"predecessor-version":[{"id":493289,"href":"https:\/\/diarioelpopular.com\/index.php\/wp-json\/wp\/v2\/posts\/493287\/revisions\/493289"}],"wp:attachment":[{"href":"https:\/\/diarioelpopular.com\/index.php\/wp-json\/wp\/v2\/media?parent=493287"}],"wp:term":[{"taxonomy":"category","embeddable":true,"href":"https:\/\/diarioelpopular.com\/index.php\/wp-json\/wp\/v2\/categories?post=493287"},{"taxonomy":"post_tag","embeddable":true,"href":"https:\/\/diarioelpopular.com\/index.php\/wp-json\/wp\/v2\/tags?post=493287"}],"curies":[{"name":"wp","href":"https:\/\/api.w.org\/{rel}","templated":true}]}}