{"id":493293,"date":"2020-08-09T23:58:18","date_gmt":"2020-08-10T03:58:18","guid":{"rendered":"https:\/\/diarioelpopular.com\/?p=493293"},"modified":"2020-08-09T23:58:18","modified_gmt":"2020-08-10T03:58:18","slug":"periodismo-en-colombia-decente-o-indecente","status":"publish","type":"post","link":"https:\/\/diarioelpopular.com\/index.php\/2020\/08\/09\/periodismo-en-colombia-decente-o-indecente\/","title":{"rendered":"\u00bfPeriodismo en Colombia decente o indecente?"},"content":{"rendered":"<div id=\"attachment_493294\" style=\"width: 310px\" class=\"wp-caption alignnone\"><img loading=\"lazy\" decoding=\"async\" aria-describedby=\"caption-attachment-493294\" class=\"size-medium wp-image-493294\" src=\"https:\/\/diarioelpopular.com\/wp-content\/uploads\/2020\/08\/f5e1fcd4d071b4c39d1d2c31a5b601fb-300x200.jpg\" alt=\"\" width=\"300\" height=\"200\" \/><p id=\"caption-attachment-493294\" class=\"wp-caption-text\"><em>El periodismo en Colombia \u00bfdecente o indecente?<\/em><\/p><\/div>\n<h4><em><strong>Una encuesta a 1.200 reporteros evidenci\u00f3 vulnerabilidad laboral<\/strong><\/em><\/h4>\n<p>&nbsp;<\/p>\n<p><em><strong>BOGOT\u00c1, 10 AGO &#8211;<\/strong> <\/em>El ejercicio period\u00edstico en Colombia no cumple con los est\u00e1ndares de &#8220;trabajo decente&#8221; establecidos hace dos d\u00e9cadas por la Organizaci\u00f3n Internacional del Trabajo (OIT), revel\u00f3 una encuesta a 1 mil 200 reporteros del pa\u00eds elaborada por la Federaci\u00f3n Colombiana de Periodistas (Felcolper).<br \/>\nLas razones para llegar a esa conclusi\u00f3n se sustentan en las respuestas dadas por los reporteros sobre sus condiciones econ\u00f3micas y laborales que dan cuenta del estado de vulnerabilidad en el que ejercen la profesi\u00f3n.<br \/>\nDe los 1.200 periodistas consultados el 61% eran hombres (732) y el restante 39% mujeres (468); de ese total y basados en la encuesta el 79,41% manifest\u00f3 pertenecer a estratos socioecon\u00f3micos bajos y medios, solo el 29% de los entrevistados dijo tener vivienda propia (337), mientras el 71% viv\u00eda en alquiler o con parientes.<br \/>\nEntre los periodistas que respondieron la encuesta, solo el 20,69% recib\u00eda un pago mensual superior a los 800 d\u00f3lares, el 68,12% estaba por debajo de ese rango. El 36,8% trabajaba para una empresa privada, 32% como independiente, 21,6% en entidades p\u00fablica y 9,6% en organizaciones sin \u00e1nimo de lucro.<br \/>\nEl 46,1% respondi\u00f3 que se dedicaba exclusivamente al oficio period\u00edstico, el 32,9% ten\u00eda otra fuente de ingresos econ\u00f3micos distinta y el 21% tambi\u00e9n ejerc\u00eda labores paralelas pero relacionadas con el periodismo.<br \/>\nEl 50% del total de reporteros indagados dijo trabajar m\u00e1s de ocho horas al d\u00eda en jornadas extenuantes y el 27,3% no ten\u00eda un solo d\u00eda de descanso, en contraste a este panorama solo 18 periodistas de los 1.200 dijo pertenecer o estar afiliados a una organizaci\u00f3n sindical.<br \/>\nEl 59,2% respondi\u00f3 que cotizaba para su pensi\u00f3n, mientras que el 40,4% asegur\u00f3 no ahorrar dentro del sistema social local para su vejez.<br \/>\nEl 70% de los encuestados, un total de 845 personas, dijo ser la cabeza de su hogar y solo el 30% afirm\u00f3 que nadie depend\u00eda de ellos.<br \/>\nEntre los periodistas consultados, el 43,16% se gradu\u00f3 en la universidad, de ellos el 67,5% obtuvo un t\u00edtulo en comunicaci\u00f3n y el 32,5% en otro tipo de profesiones.<br \/>\nEl 24,67% realiz\u00f3 un posgrado en su mayor\u00eda en derecho, el 22,75% se form\u00f3 en educaci\u00f3n t\u00e9cnica y tecnol\u00f3gica, y solo el 7,17% no recibi\u00f3 educaci\u00f3n superior.<br \/>\nFelcolper record\u00f3 que la OIT considera como trabajo decente aquellas labores que cumplan con cuatro elementos: que haya principios y derechos (mandato hist\u00f3rico); que se fomenten m\u00e1s y mejores empleos (mandato pol\u00edtico); que se incentive la protecci\u00f3n social (mandato \u00e9tico); y donde existan estructuras de asociaci\u00f3n fuertes entre los trabajadores (mandato organizativo).<br \/>\nPara la agremiaci\u00f3n period\u00edstica, que agrupa a 29 asociaciones de reporteros en todo el pa\u00eds, la encuesta revela un &#8220;panorama \u00e1rido&#8221;.<br \/>\n&#8220;Con grandes dificultades para ejercer el periodismo, y con condiciones adversas al periodismo libre y democr\u00e1tico, a pesar de ser la forma de este ejercicio profesional constitucionalmente protegido&#8221;, dijo Felcoper entre sus conclusiones sobre el estudio.<\/p>\n","protected":false},"excerpt":{"rendered":"<p>Una encuesta a 1.200 reporteros evidenci\u00f3 vulnerabilidad laboral &nbsp; BOGOT\u00c1, 10 AGO &#8211; El ejercicio period\u00edstico en Colombia no cumple con los est\u00e1ndares de &#8220;trabajo&hellip;<\/p>\n","protected":false},"author":99,"featured_media":0,"comment_status":"open","ping_status":"open","sticky":false,"template":"","format":"standard","meta":{"footnotes":""},"categories":[23],"tags":[],"class_list":["post-493293","post","type-post","status-publish","format-standard","hentry","category-latinoamerica"],"_links":{"self":[{"href":"https:\/\/diarioelpopular.com\/index.php\/wp-json\/wp\/v2\/posts\/493293","targetHints":{"allow":["GET"]}}],"collection":[{"href":"https:\/\/diarioelpopular.com\/index.php\/wp-json\/wp\/v2\/posts"}],"about":[{"href":"https:\/\/diarioelpopular.com\/index.php\/wp-json\/wp\/v2\/types\/post"}],"author":[{"embeddable":true,"href":"https:\/\/diarioelpopular.com\/index.php\/wp-json\/wp\/v2\/users\/99"}],"replies":[{"embeddable":true,"href":"https:\/\/diarioelpopular.com\/index.php\/wp-json\/wp\/v2\/comments?post=493293"}],"version-history":[{"count":1,"href":"https:\/\/diarioelpopular.com\/index.php\/wp-json\/wp\/v2\/posts\/493293\/revisions"}],"predecessor-version":[{"id":493295,"href":"https:\/\/diarioelpopular.com\/index.php\/wp-json\/wp\/v2\/posts\/493293\/revisions\/493295"}],"wp:attachment":[{"href":"https:\/\/diarioelpopular.com\/index.php\/wp-json\/wp\/v2\/media?parent=493293"}],"wp:term":[{"taxonomy":"category","embeddable":true,"href":"https:\/\/diarioelpopular.com\/index.php\/wp-json\/wp\/v2\/categories?post=493293"},{"taxonomy":"post_tag","embeddable":true,"href":"https:\/\/diarioelpopular.com\/index.php\/wp-json\/wp\/v2\/tags?post=493293"}],"curies":[{"name":"wp","href":"https:\/\/api.w.org\/{rel}","templated":true}]}}