{"id":493315,"date":"2020-08-10T12:07:14","date_gmt":"2020-08-10T16:07:14","guid":{"rendered":"https:\/\/diarioelpopular.com\/?p=493315"},"modified":"2020-08-10T12:07:14","modified_gmt":"2020-08-10T16:07:14","slug":"codelco-vuelve-a-sus-proyectos-de-cobre","status":"publish","type":"post","link":"https:\/\/diarioelpopular.com\/index.php\/2020\/08\/10\/codelco-vuelve-a-sus-proyectos-de-cobre\/","title":{"rendered":"Codelco vuelve a sus proyectos de cobre"},"content":{"rendered":"<div id=\"attachment_493316\" style=\"width: 310px\" class=\"wp-caption alignnone\"><img loading=\"lazy\" decoding=\"async\" aria-describedby=\"caption-attachment-493316\" class=\"size-medium wp-image-493316\" src=\"https:\/\/diarioelpopular.com\/wp-content\/uploads\/2020\/08\/d220da7c8d979f32470036b1e8449718-300x200.jpg\" alt=\"\" width=\"300\" height=\"200\" \/><p id=\"caption-attachment-493316\" class=\"wp-caption-text\"><em>Codelco vuelve a sus planes de tarea, con nuevos protocolos.<\/em><\/p><\/div>\n<p><em><strong>SANTIAGO DE CHILE, 10 AGO &#8211;<\/strong> <\/em>La chilena Codelco, principal productora mundial de cobre, se alista para retomar sus faenas y proyectos suspendidos debido a la pandemia de Covid-19.<br \/>\nLa minera estatal del principal comoditie de Chile explic\u00f3 que la decisi\u00f3n se adopt\u00f3 &#8220;tras dise\u00f1ar un completo plan, que contempla robustos protocolos en el \u00e1mbito de la seguridad y la salud ocupacional, y que se ajusta al contexto de cada una de las localidades en la que est\u00e1n ubicados sus centros de trabajo&#8221;.<br \/>\nEl primer paso es retomar la pr\u00f3xima semana el proyecto Chuquicamata Subterr\u00e1nea -que pone fin a la centenaria explotaci\u00f3n del mineral m\u00e1s grande del mundo a tajo abierto a 1.500 kil\u00f3metros al norte de Santiago-, suspendido desde el 20 de junio, cuando se defini\u00f3 mantener una fuerza laboral s\u00f3lo para asegurar los servicios m\u00ednimos y que ahora proyecta estar en actividad plena en enero de 2021.<br \/>\nLa compa\u00f1\u00eda acar\u00f3 que en esta primera etapa del retorno, Codelco seguir\u00e1 sin utilizar el aeropuerto de Calama.<br \/>\n&#8220;De este modo, el traslado de las personas que provengan de fuera de la ciudad se har\u00e1 en buses sellados desde los aeropuertos de Iquique y Antofagasta directo al campamento.<br \/>\nTodos los trabajadores ser\u00e1n testeados en su lugar de origen, previo al ingreso a sus labores o de su viaje a Calama.<br \/>\nLos sistemas de turnos 14&#215;14 y el uso del campamento se mantendr\u00e1n para resguardar la baja movilidad en esta ciudad&#8221;, se\u00f1al\u00f3.<br \/>\nCodelco asegur\u00f3 que &#8220;reincorporar al personal de Chuquicamata Subterr\u00e1nea es un tema cr\u00edtico para terminar los macrobloques de la zona norte y sur de la mina, de modo de no impactar los compromisos productivos de la divisi\u00f3n y no producir efectos en empresas m\u00e1s peque\u00f1as, cuyas dotaciones son principalmente locales (sobre el 80%)&#8221;.<br \/>\nSeg\u00fan se inform\u00f3, el proyecto ha sido fiscalizado dos veces por las autoridades de Salud regionales. En tanto, la Fundici\u00f3n de Chuquicamata comenz\u00f3 a calentar sus hornos el fin de semana pasado para retomar sus procesos en estos d\u00edas.<br \/>\n&#8220;Esta planta prepar\u00f3 el retorno a las operaciones en coordinaci\u00f3n con los trabajadores, como los testeos de salud para todos los equipos, propios y colaboradores, adem\u00e1s de otras definiciones log\u00edsticas, de infraestructura y de seguridad que cercioren el regreso en un ambiente protegido&#8221;, mencion\u00f3 la compa\u00f1\u00eda.<br \/>\nEl Teniente, en tanto, ubicado a 80 kil\u00f3metros al sur de Santiago con sus proyectos Andes Norte, Andesita y Diamante, cuya construcci\u00f3n detuvo temporalmente el 4 de julio, tambi\u00e9n inici\u00f3 la planificaci\u00f3n detallada de su retorno para las pr\u00f3ximas semanas.<br \/>\nPara incrementar la protecci\u00f3n frente al coronavirus est\u00e1 el testeo previo al ingreso a los turnos y la habilitaci\u00f3n del campamento para trabajadores de fuera de la regi\u00f3n, adem\u00e1s de la instalaci\u00f3n de barreras duras en distintas sectores para evitar el contacto f\u00edsico entre el personal.<\/p>\n","protected":false},"excerpt":{"rendered":"<p>SANTIAGO DE CHILE, 10 AGO &#8211; La chilena Codelco, principal productora mundial de cobre, se alista para retomar sus faenas y proyectos suspendidos debido a&hellip;<\/p>\n","protected":false},"author":99,"featured_media":0,"comment_status":"open","ping_status":"open","sticky":false,"template":"","format":"standard","meta":{"footnotes":""},"categories":[23],"tags":[],"class_list":["post-493315","post","type-post","status-publish","format-standard","hentry","category-latinoamerica"],"_links":{"self":[{"href":"https:\/\/diarioelpopular.com\/index.php\/wp-json\/wp\/v2\/posts\/493315","targetHints":{"allow":["GET"]}}],"collection":[{"href":"https:\/\/diarioelpopular.com\/index.php\/wp-json\/wp\/v2\/posts"}],"about":[{"href":"https:\/\/diarioelpopular.com\/index.php\/wp-json\/wp\/v2\/types\/post"}],"author":[{"embeddable":true,"href":"https:\/\/diarioelpopular.com\/index.php\/wp-json\/wp\/v2\/users\/99"}],"replies":[{"embeddable":true,"href":"https:\/\/diarioelpopular.com\/index.php\/wp-json\/wp\/v2\/comments?post=493315"}],"version-history":[{"count":1,"href":"https:\/\/diarioelpopular.com\/index.php\/wp-json\/wp\/v2\/posts\/493315\/revisions"}],"predecessor-version":[{"id":493317,"href":"https:\/\/diarioelpopular.com\/index.php\/wp-json\/wp\/v2\/posts\/493315\/revisions\/493317"}],"wp:attachment":[{"href":"https:\/\/diarioelpopular.com\/index.php\/wp-json\/wp\/v2\/media?parent=493315"}],"wp:term":[{"taxonomy":"category","embeddable":true,"href":"https:\/\/diarioelpopular.com\/index.php\/wp-json\/wp\/v2\/categories?post=493315"},{"taxonomy":"post_tag","embeddable":true,"href":"https:\/\/diarioelpopular.com\/index.php\/wp-json\/wp\/v2\/tags?post=493315"}],"curies":[{"name":"wp","href":"https:\/\/api.w.org\/{rel}","templated":true}]}}