{"id":493343,"date":"2020-08-11T20:59:56","date_gmt":"2020-08-12T00:59:56","guid":{"rendered":"https:\/\/diarioelpopular.com\/?p=493343"},"modified":"2020-08-11T20:59:56","modified_gmt":"2020-08-12T00:59:56","slug":"obrador-dice-que-hubo-un-narcoestado","status":"publish","type":"post","link":"https:\/\/diarioelpopular.com\/index.php\/2020\/08\/11\/obrador-dice-que-hubo-un-narcoestado\/","title":{"rendered":"Obrador dice que hubo &#8220;un narcoestado&#8221;"},"content":{"rendered":"<div id=\"attachment_493344\" style=\"width: 310px\" class=\"wp-caption alignnone\"><img loading=\"lazy\" decoding=\"async\" aria-describedby=\"caption-attachment-493344\" class=\"size-medium wp-image-493344\" src=\"https:\/\/diarioelpopular.com\/wp-content\/uploads\/2020\/08\/2dbb73dd5bb0123ac859d79d0debec44-300x200.jpg\" alt=\"\" width=\"300\" height=\"200\" \/><p id=\"caption-attachment-493344\" class=\"wp-caption-text\"><em>Andr\u00e9s L\u00f3pez Obrador (foto: EPA)<\/em><\/p><\/div>\n<h4><em><strong>Acusa a expresidente Felipe Calder\u00f3n de encabezar ese r\u00e9gimen<\/strong><\/em><\/h4>\n<p>&nbsp;<\/p>\n<p><em><strong>CIUDAD DE MEXICO, 11 AGO &#8211;<\/strong> <\/em>El presidente Andr\u00e9s L\u00f3pez Obrador acus\u00f3 a su antecesor, Felipe Calder\u00f3n, una de las figuras m\u00e1s notorias de la oposici\u00f3n, de encabezar un &#8220;narcoestado&#8221; durante su gesti\u00f3n, entre 2006 y 2012.<br \/>\n&#8220;Estaba tomado el gobierno. Quienes ten\u00edan a su cargo combatir a la delincuencia estaban al servicio de ella. Mandaba el crimen, ten\u00eda una gran influencia, era la que decid\u00eda a qui\u00e9n perseguir y a qui\u00e9n proteger&#8221;, afirm\u00f3 el jefe de Estado.<br \/>\nCalder\u00f3n se ha colocado en el centro de las sospechas desde que fue detenido en Estados Unidos, en diciembre del 2019, el ministro de Seguridad durante la gesti\u00f3n del mandatario, acusado de v\u00ednculos con el C\u00e1rtel de Sinaloa, por entonces el m\u00e1s poderoso del pa\u00eds.<br \/>\nL\u00f3pez Obrador se\u00f1al\u00f3 que cuando se habl\u00f3 de que hab\u00eda un &#8220;narcoestado&#8221; en M\u00e9xico \u00e9l pensaba que &#8220;no era correcto clasificarlo de ese manera&#8221; pero &#8220;luego, con todo esto que est\u00e1 saliendo a relucir&#8221; se dio cuenta de que se trataba de una evaluaci\u00f3n justa.<br \/>\nSin embargo, se\u00f1al\u00f3 que no se investiga ni existen acusaciones contra Calder\u00f3n por parte de la justicia mexicana.<br \/>\nEn contrapartida, en los \u00faltimos d\u00edas surgieron testimonios y evidencias publicadas por medios locales en los cuales se involucra a Calder\u00f3n en el esc\u00e1ndalo de sobornos de la constructora brasile\u00f1a Odebrecht.<br \/>\nTras la extradici\u00f3n a M\u00e9xico el 16 de julio pasado del ex director de la compa\u00f1\u00eda gubernamental Petr\u00f3leos Mexicanos (Pemex), Emilio Lozoya, detenido en Palma de Mallorca, el 12 de febrero \u00faltimo, involucr\u00f3 a figuras de alto perfil en el caso.<br \/>\nHasta ahora dos ex presidentes mexicanos han sido vinculados con el caso Odebrecht, pero ninguno de ellos ha sido encausado judicialmente.<br \/>\nCalder\u00f3n, dirigente de un nuevo partido de derecha M\u00e9xico Libre, en proceso de obtener su registro legal, para competir en las elecciones intermedias del a\u00f1o pr\u00f3ximo, respondi\u00f3 a las acusaciones de L\u00f3pez Obrador y las rechaz\u00f3 &#8220;categ\u00f3ricamente&#8221;.<br \/>\n&#8220;Me parece incluso algo ofensivo para M\u00e9xico. Si hubo un presidente que enfrent\u00f3 con todo al narcotr\u00e1fico y al crimen organizado fue mi administraci\u00f3n&#8221;, afirm\u00f3 el ex mandatario, se\u00f1alando que L\u00f3pez Obrador ejerce una&#8221;persecuci\u00f3n pol\u00edtica&#8221; en su contra&#8221;.<br \/>\nEl hombre que declar\u00f3 la &#8220;guerra contra el crimen&#8221; en diciembre de 2006, a unos d\u00edas de asumir el poder, con apoyo de las Fuerzas Armadas, y con ello gener\u00f3 la actual ola violenta que sacude al pa\u00eds y arroja casi 300.000 muertos y 73.000 desaparecidos desafi\u00f3 a L\u00f3pez Obrador a probar sus afirmaciones.<br \/>\nEl exmandatario, postulado por el Partido Acci\u00f3n Nacional (PAN, derecha) pero al cual ya no pertenece, dijo no estar preocupado por las acusaciones y dijo que no le van a afectar y que muchos mexicanos est\u00e1n hastiados del gobierno.<br \/>\nTras la reacci\u00f3n airada de Calder\u00f3n, L\u00f3pez Obrador volvi\u00f3 a arremeter en su contra hoy y le reproch\u00f3 que no se diera &#8220;por enterado&#8221; de lo que hac\u00eda su ministro de Seguridad.<br \/>\nL\u00f3pez Obrador reafirm\u00f3 que durante la gesti\u00f3n de su antecesor &#8220;gobernaba el narcotr\u00e1fico, hab\u00eda pitazos (delaciones), porque las autoridades estaban al servicio del narco&#8221;, algo que a su juicio &#8220;no ha pasado en ninguna parte del mundo&#8221;.<br \/>\nAdem\u00e1s, se\u00f1al\u00f3 que a Garc\u00eda Luna se le acusa en Estados Unidos de recibir &#8220;mordidas&#8221; (coimas) del C\u00e1rtel de Sinaloa para proteger a la organizaci\u00f3n, liderada por Joaqu\u00edn &#8220;El Chapo&#8221; Guzm\u00e1n, hace un a\u00f1o condenado a 10 cadenas perpetuas por narcotr\u00e1fico.<br \/>\n&#8220;Y as\u00ed como Garc\u00eda Luna pues todo el gobierno estaba infiltrado pero eso se habla de un narcoestado&#8221;, expuso.<br \/>\nAunque Calder\u00f3n no enfrenta cargos por v\u00ednculos con el crimen, se especula que s\u00ed podr\u00eda hacerlo por favorecer Odebrecht para firmar un contrato de construcci\u00f3n de la planta Etileno XXI desde que era ministro de Energ\u00eda en 2003 con el entonces presidente Vicente Fox, no relacionado a\u00fan con el caso.<br \/>\nCalder\u00f3n habr\u00eda influido para que la firma brasile\u00f1a &#8220;tuviera ganancias de 30% por un plazo de 20 a\u00f1os&#8221;, de acuerdo con el reporte de Proceso.<br \/>\nSeg\u00fan Lozoya, Odebrecht entreg\u00f3 2 millones de d\u00f3lares para sobornar a prominentes legisladores del PAN, a fin de aprobar la reforma energ\u00e9tica, entre ellos a Ricardo Anaya, despu\u00e9s presidente del partido y luego candidato presidencial el ex ministro de Hacienda Ernesto Cordero con Calder\u00f3n.<\/p>\n","protected":false},"excerpt":{"rendered":"<p>Acusa a expresidente Felipe Calder\u00f3n de encabezar ese r\u00e9gimen &nbsp; CIUDAD DE MEXICO, 11 AGO &#8211; El presidente Andr\u00e9s L\u00f3pez Obrador acus\u00f3 a su antecesor,&hellip;<\/p>\n","protected":false},"author":99,"featured_media":0,"comment_status":"open","ping_status":"open","sticky":false,"template":"","format":"standard","meta":{"footnotes":""},"categories":[23],"tags":[],"class_list":["post-493343","post","type-post","status-publish","format-standard","hentry","category-latinoamerica"],"_links":{"self":[{"href":"https:\/\/diarioelpopular.com\/index.php\/wp-json\/wp\/v2\/posts\/493343","targetHints":{"allow":["GET"]}}],"collection":[{"href":"https:\/\/diarioelpopular.com\/index.php\/wp-json\/wp\/v2\/posts"}],"about":[{"href":"https:\/\/diarioelpopular.com\/index.php\/wp-json\/wp\/v2\/types\/post"}],"author":[{"embeddable":true,"href":"https:\/\/diarioelpopular.com\/index.php\/wp-json\/wp\/v2\/users\/99"}],"replies":[{"embeddable":true,"href":"https:\/\/diarioelpopular.com\/index.php\/wp-json\/wp\/v2\/comments?post=493343"}],"version-history":[{"count":1,"href":"https:\/\/diarioelpopular.com\/index.php\/wp-json\/wp\/v2\/posts\/493343\/revisions"}],"predecessor-version":[{"id":493345,"href":"https:\/\/diarioelpopular.com\/index.php\/wp-json\/wp\/v2\/posts\/493343\/revisions\/493345"}],"wp:attachment":[{"href":"https:\/\/diarioelpopular.com\/index.php\/wp-json\/wp\/v2\/media?parent=493343"}],"wp:term":[{"taxonomy":"category","embeddable":true,"href":"https:\/\/diarioelpopular.com\/index.php\/wp-json\/wp\/v2\/categories?post=493343"},{"taxonomy":"post_tag","embeddable":true,"href":"https:\/\/diarioelpopular.com\/index.php\/wp-json\/wp\/v2\/tags?post=493343"}],"curies":[{"name":"wp","href":"https:\/\/api.w.org\/{rel}","templated":true}]}}