{"id":493346,"date":"2020-08-11T21:02:18","date_gmt":"2020-08-12T01:02:18","guid":{"rendered":"https:\/\/diarioelpopular.com\/?p=493346"},"modified":"2020-08-11T21:02:18","modified_gmt":"2020-08-12T01:02:18","slug":"abdala-bucaram-vuelve-a-la-politica","status":"publish","type":"post","link":"https:\/\/diarioelpopular.com\/index.php\/2020\/08\/11\/abdala-bucaram-vuelve-a-la-politica\/","title":{"rendered":"Abdal\u00e1 Bucaram vuelve a la pol\u00edtica"},"content":{"rendered":"<div id=\"attachment_493347\" style=\"width: 310px\" class=\"wp-caption alignnone\"><img loading=\"lazy\" decoding=\"async\" aria-describedby=\"caption-attachment-493347\" class=\"size-medium wp-image-493347\" src=\"https:\/\/diarioelpopular.com\/wp-content\/uploads\/2020\/08\/f7e285a38f13f8b7cd4fdef8516bdc7c-300x199.jpg\" alt=\"\" width=\"300\" height=\"199\" \/><p id=\"caption-attachment-493347\" class=\"wp-caption-text\"><em>Expresidente de Ecuador Abdal\u00e1 Bucaram se postula a elecciones de 2021 (foto: EPA).<\/em><\/p><\/div>\n<h4><em><strong>Apodado &#8220;El Loco&#8221;, est\u00e1 involucrado en casos judiciales<\/strong><\/em><\/h4>\n<p>&nbsp;<\/p>\n<p><em><strong>QUITO, 10 AGO &#8211;<\/strong><\/em> El expresidente ecuatoriano Abdal\u00e1 Bucaram anunci\u00f3 que se postular\u00e1 para la presidencia en las elecciones del pr\u00f3ximo a\u00f1o, mientras se encuentra bajo investigaci\u00f3n por casos judiciales que los que est\u00e1 involucrado.<br \/>\nSeg\u00fan el exmandatario -apodado &#8220;El Loco&#8221; por su comportamiento exc\u00e9ntrico-, adem\u00e1s de la presunta persecuci\u00f3n pol\u00edtica en contra de \u00e9l y su familia, motivan su regreso a la pol\u00edtica la pobreza y las injusticias sociales que el pa\u00eds est\u00e1 viviendo actualmente.<br \/>\n&#8220;Por esto, pese al coraz\u00f3n, pese a no querer hacer pol\u00edtica, hoy siento la necesidad de impedir gobiernos de este tipo y lanzo, acepto, mi candidatura a presidente de la Rep\u00fablica en 2021&#8221;, dijo en un video transmitido la noche del domingo en su cuenta de Facebook.<br \/>\nEl exmandatario, en la conducci\u00f3n de Ecuador por seis meses antes de ser destituido por el Parlamento en 1997 por incapacidad, fue puesto bajo arresto domiciliario el pasado junio despu\u00e9s de un allanamiento en su vivienda de Guayaquil, en el marco de una investigaci\u00f3n sobre la existencia de una red de personas que intervinieron en la compra de bienes usados para instituciones p\u00fablicas en la lucha contra la pandemia del coronavirus.<br \/>\nA fines de julio, la justicia ecuatoriana orden\u00f3 la detenci\u00f3n preventiva para tres de los hijos de Bucaram por presunta asociaci\u00f3n il\u00edcita por ventas irregulares de suministros m\u00e9dicos.<br \/>\nPocas horas antes de confirmar su candidatura, en las redes sociales ecuatorianas comenz\u00f3 a circular un audio de una presunta conversaci\u00f3n entre Bucaram y un ciudadano israel\u00ed, Tomer Sheinman, asesinado el pasado s\u00e1bado en la prisi\u00f3n donde estaba detenido al parecer por la venta ilegal de medicamentos.<br \/>\nSeg\u00fan informaron los medios ecuatorianos, el di\u00e1logo, cuya autenticidad est\u00e1 para confirmar, presentar\u00eda los detalles por el delito de tr\u00e1fico de influencias por parte del expresidente.<\/p>\n","protected":false},"excerpt":{"rendered":"<p>Apodado &#8220;El Loco&#8221;, est\u00e1 involucrado en casos judiciales &nbsp; QUITO, 10 AGO &#8211; El expresidente ecuatoriano Abdal\u00e1 Bucaram anunci\u00f3 que se postular\u00e1 para la presidencia&hellip;<\/p>\n","protected":false},"author":99,"featured_media":0,"comment_status":"open","ping_status":"open","sticky":false,"template":"","format":"standard","meta":{"footnotes":""},"categories":[23],"tags":[],"class_list":["post-493346","post","type-post","status-publish","format-standard","hentry","category-latinoamerica"],"_links":{"self":[{"href":"https:\/\/diarioelpopular.com\/index.php\/wp-json\/wp\/v2\/posts\/493346","targetHints":{"allow":["GET"]}}],"collection":[{"href":"https:\/\/diarioelpopular.com\/index.php\/wp-json\/wp\/v2\/posts"}],"about":[{"href":"https:\/\/diarioelpopular.com\/index.php\/wp-json\/wp\/v2\/types\/post"}],"author":[{"embeddable":true,"href":"https:\/\/diarioelpopular.com\/index.php\/wp-json\/wp\/v2\/users\/99"}],"replies":[{"embeddable":true,"href":"https:\/\/diarioelpopular.com\/index.php\/wp-json\/wp\/v2\/comments?post=493346"}],"version-history":[{"count":1,"href":"https:\/\/diarioelpopular.com\/index.php\/wp-json\/wp\/v2\/posts\/493346\/revisions"}],"predecessor-version":[{"id":493348,"href":"https:\/\/diarioelpopular.com\/index.php\/wp-json\/wp\/v2\/posts\/493346\/revisions\/493348"}],"wp:attachment":[{"href":"https:\/\/diarioelpopular.com\/index.php\/wp-json\/wp\/v2\/media?parent=493346"}],"wp:term":[{"taxonomy":"category","embeddable":true,"href":"https:\/\/diarioelpopular.com\/index.php\/wp-json\/wp\/v2\/categories?post=493346"},{"taxonomy":"post_tag","embeddable":true,"href":"https:\/\/diarioelpopular.com\/index.php\/wp-json\/wp\/v2\/tags?post=493346"}],"curies":[{"name":"wp","href":"https:\/\/api.w.org\/{rel}","templated":true}]}}