{"id":493365,"date":"2020-08-12T23:54:05","date_gmt":"2020-08-13T03:54:05","guid":{"rendered":"https:\/\/diarioelpopular.com\/?p=493365"},"modified":"2020-08-12T23:54:05","modified_gmt":"2020-08-13T03:54:05","slug":"dos-ex-presidentes-a-punto-de-ir-a-juicio","status":"publish","type":"post","link":"https:\/\/diarioelpopular.com\/index.php\/2020\/08\/12\/dos-ex-presidentes-a-punto-de-ir-a-juicio\/","title":{"rendered":"Dos ex presidentes, a punto de ir a juicio"},"content":{"rendered":"<div id=\"attachment_493366\" style=\"width: 279px\" class=\"wp-caption alignnone\"><img loading=\"lazy\" decoding=\"async\" aria-describedby=\"caption-attachment-493366\" class=\"size-medium wp-image-493366\" src=\"https:\/\/diarioelpopular.com\/wp-content\/uploads\/2020\/08\/d84d85d49e7ac0fcbe81d4133d568afe-269x300.jpg\" alt=\"\" width=\"269\" height=\"300\" \/><p id=\"caption-attachment-493366\" class=\"wp-caption-text\"><em>Ex presidentes de M\u00e9xico, Felipe Calderon y Enrique Pe\u00f1a Nieto, a punto de ir a juicio (foto: ANSA)<\/em><\/p><\/div>\n<h4><em><strong>L\u00f3pez Obrador se\u00f1ala que deber\u00e1n declarar ante Fiscal\u00eda General<\/strong><\/em><\/h4>\n<p>&nbsp;<\/p>\n<p><em><strong>CIUDAD DE M\u00c9XICO, 13 AGO.-<\/strong><\/em> El largo brazo de la justicia, que en M\u00e9xico suele ser\u00a0bastante corto, lo suficiente como para no llegar a los\u00a0poderosos, seg\u00fan muchas amplias opiniones, estar\u00eda ahora s\u00ed a\u00a0punto de alcanzar, por primera vez en la historia, a dos ex\u00a0presidentes mexicanos.<br \/>\nSe trata de Enrique Pe\u00f1a Nieto, que dej\u00f3 el poder el 1 de diciembre de 2018 al actual mandatario Andr\u00e9s L\u00f3pez Obrador y de Felipe Calder\u00f3n, que a su vez precedi\u00f3 al primero, ambos por\u00a0estar involucrados en el esc\u00e1ndalo de sobornos de la\u00a0constructora brasile\u00f1a Odebrecht.<br \/>\nL\u00f3pez Obrador afirm\u00f3 hoy que ambos ex jefes de Estado deben\u00a0comparecer ante la justicia, para declarar lo que saben y\u00a0defenderse de las acusaciones que se les imputan.<br \/>\n&#8220;Tienen que declarar los ex presidentes Calder\u00f3n y Pe\u00f1a&#8221;,\u00a0involucrados por el ex director general de la petrolera\u00a0gubernamental Pemex, Emilio Lozoya, reci\u00e9n extraditado desde\u00a0Espa\u00f1a, donde fue detenido en febrero, en la entrega de coimasde Odebrecht a cambio de ambiciosos contratos oficiales.<br \/>\nEntre otras cosas, Lozoya ha acusado a Pe\u00f1a de haber recibido al menos 4 millones de los 10,5 millones que le entreg\u00f3\u00a0Odebrecht, los cuales fueron destinados a financiar su campa\u00f1a\u00a0electoral en 2012.<br \/>\nAdem\u00e1s, involucr\u00f3 a un grupo de diputados del conservador\u00a0Partido Acci\u00f3n Nacional (PAN), entre ellos los actuales\u00a0gobernadores de Quer\u00e9taro (centro), Francisco Dom\u00ednguez y de\u00a0Tamaulipas (norte), Francisco Garc\u00eda, y el ex candidato<br \/>\npresidencial, Ricardo Anaya, de recibir coimas a cambio de\u00a0aprobar la reforma energ\u00e9tica que privatiz\u00f3 este sector, en\u00a02014.<br \/>\nEl ex director de Petr\u00f3leos Mexicanos (Pemex), la empresa\u00a0insignia del gobierno, acus\u00f3 tambi\u00e9n al ex canciller y ex\u00a0ministro de Finanzas, Luis Videgaray, ex coordinador de campa\u00f1a\u00a0de Pe\u00f1a, de haberle ordenado entregar los sobornos a los<br \/>\nlegisladores.<br \/>\nEl martes, el Fiscal General Alejandro Gertz confirm\u00f3 que se\u00a0investiga a los ex mandatarios y los congresistas, a los cuales\u00a0se llamar\u00eda a declarar, por los sobornos para la campa\u00f1a de\u00a0Pe\u00f1a, aunque algunos juristas creen que \u00e9ste \u00faltimo tema ya<br \/>\nhabr\u00eda prescrito.<br \/>\nVidegaray le orden\u00f3 tambi\u00e9n a Lozoya, seg\u00fan el testimonio\u00a0del ex titular de Pemex, de &#8220;repartir el dinero&#8221; de &#8220;operaciones\u00a0il\u00edcitas&#8221; de Odebrecht &#8220;entre asesores extranjeros que\u00a0trabajaron para la campa\u00f1a electoral&#8221; de Pe\u00f1a en 2012.<br \/>\nEl ex funcionario se\u00f1al\u00f3 que la multinacional reparti\u00f3 120\u00a0millones de pesos (unos 5,5 millones de d\u00f3lares al tipo de\u00a0cambio actual) entre varios legisladores a cambio de que \u00e9stos\u00a0votaran a favor de las reformas estructurales aprobadas entre<br \/>\n2013 y 2014, sobre la reforma energ\u00e9tica.<br \/>\nLos mismos parlamentarios habr\u00edan recibido otros 84 millonesde pesos (unos 4 millones de d\u00f3lares) para procesar el proyecto\u00a0Etileno XXI, una planta petroqu\u00edmica, entregada por el gobierno\u00a0de Calder\u00f3n a Odebrecht y una empresa mexicana, que signific\u00f3\u00a0&#8220;un grave quebranto para el Estado mexicano&#8221;.<br \/>\nAdem\u00e1s de declaraciones, Lozoya cit\u00f3 ante la Fiscal\u00eda General declaraciones de cuatro testigos, recibos del dinero\u00a0involucrado y un video.<br \/>\nManero inform\u00f3 que se efectuar\u00e1n peritajes a las pruebas\u00a0documentales, se entrevistar\u00e1 a los testigos y, &#8220;en el caso de\u00a0que sea procedente&#8221;, se llamar\u00e1 a declarar a los imputados, que\u00a0ser\u00edan acusadas de cohecho, lavado de dinero y crimen\u00a0organizado.<br \/>\n&#8220;Resulta cada vez m\u00e1s dif\u00edcil que el ex presidente Pe\u00f1a Nieto logre mantenerse al margen de las pesquisas, de las que\u00a0tampoco podr\u00edan librarse Videgaray y el resto de los se\u00f1alados&#8221;,\u00a0se\u00f1al\u00f3 hoy el diario local La Jornada.<br \/>\n&#8220;El desfile de funcionarios implicados en las\u00a0investigaciones por corrupci\u00f3n en el caso Lozoya podr\u00eda iniciar\u00a0en el m\u00e1s alto nivel&#8221;, secund\u00f3 a su vez el matutino Reforma.<br \/>\nS\u00f3lo un ex presidente ha sido sometido a proceso legal, Luis Echeverr\u00eda (1970-1976), quien tiene 98 a\u00f1os y se encuentra en\u00a0libertad provisional, no fue por corrupci\u00f3n sino por la matanza\u00a0del 2 de octubre de 1968 en el c\u00e9ntrico barrio de Tlatelolco,\u00a0cuando era ministro de Gobernaci\u00f3n, donde murieron decenas de\u00a0estudiantes.<br \/>\nAdem\u00e1s de Pe\u00f1a, Calder\u00f3n est\u00e1 en la mira luego del arresto en Texas, Estados Unidos, en diciembre de 2019, de quien fuera\u00a0su ministro de Seguridad P\u00fablica, Genaro Garc\u00eda Luna, acusado de\u00a0v\u00ednculos con el narcotr\u00e1fico.<\/p>\n","protected":false},"excerpt":{"rendered":"<p>L\u00f3pez Obrador se\u00f1ala que deber\u00e1n declarar ante Fiscal\u00eda General &nbsp; CIUDAD DE M\u00c9XICO, 13 AGO.- El largo brazo de la justicia, que en M\u00e9xico suele&hellip;<\/p>\n","protected":false},"author":99,"featured_media":0,"comment_status":"open","ping_status":"open","sticky":false,"template":"","format":"standard","meta":{"footnotes":""},"categories":[23],"tags":[],"class_list":["post-493365","post","type-post","status-publish","format-standard","hentry","category-latinoamerica"],"_links":{"self":[{"href":"https:\/\/diarioelpopular.com\/index.php\/wp-json\/wp\/v2\/posts\/493365","targetHints":{"allow":["GET"]}}],"collection":[{"href":"https:\/\/diarioelpopular.com\/index.php\/wp-json\/wp\/v2\/posts"}],"about":[{"href":"https:\/\/diarioelpopular.com\/index.php\/wp-json\/wp\/v2\/types\/post"}],"author":[{"embeddable":true,"href":"https:\/\/diarioelpopular.com\/index.php\/wp-json\/wp\/v2\/users\/99"}],"replies":[{"embeddable":true,"href":"https:\/\/diarioelpopular.com\/index.php\/wp-json\/wp\/v2\/comments?post=493365"}],"version-history":[{"count":1,"href":"https:\/\/diarioelpopular.com\/index.php\/wp-json\/wp\/v2\/posts\/493365\/revisions"}],"predecessor-version":[{"id":493367,"href":"https:\/\/diarioelpopular.com\/index.php\/wp-json\/wp\/v2\/posts\/493365\/revisions\/493367"}],"wp:attachment":[{"href":"https:\/\/diarioelpopular.com\/index.php\/wp-json\/wp\/v2\/media?parent=493365"}],"wp:term":[{"taxonomy":"category","embeddable":true,"href":"https:\/\/diarioelpopular.com\/index.php\/wp-json\/wp\/v2\/categories?post=493365"},{"taxonomy":"post_tag","embeddable":true,"href":"https:\/\/diarioelpopular.com\/index.php\/wp-json\/wp\/v2\/tags?post=493365"}],"curies":[{"name":"wp","href":"https:\/\/api.w.org\/{rel}","templated":true}]}}