{"id":493368,"date":"2020-08-12T23:56:37","date_gmt":"2020-08-13T03:56:37","guid":{"rendered":"https:\/\/diarioelpopular.com\/?p=493368"},"modified":"2020-08-12T23:56:37","modified_gmt":"2020-08-13T03:56:37","slug":"arrestan-a-expresidente-bucaram","status":"publish","type":"post","link":"https:\/\/diarioelpopular.com\/index.php\/2020\/08\/12\/arrestan-a-expresidente-bucaram\/","title":{"rendered":"Arrestan a expresidente Bucaram"},"content":{"rendered":"<div id=\"attachment_493369\" style=\"width: 310px\" class=\"wp-caption alignnone\"><img loading=\"lazy\" decoding=\"async\" aria-describedby=\"caption-attachment-493369\" class=\"size-medium wp-image-493369\" src=\"https:\/\/diarioelpopular.com\/wp-content\/uploads\/2020\/08\/349308ddee930c5be4a0eda61f772b85-300x199.jpg\" alt=\"\" width=\"300\" height=\"199\" \/><p id=\"caption-attachment-493369\" class=\"wp-caption-text\"><em>Abdal\u00e1 Bucaram (foto: EPA)<\/em><\/p><\/div>\n<h4><em><strong>Acusado de delincuencia organizada<\/strong><\/em><\/h4>\n<p>&nbsp;<\/p>\n<p><em><strong>QUITO, 13 AGO &#8211;<\/strong><\/em> El expresidente ecuatoriano y candidato a las elecciones de 2021, Abdal\u00e1 Bucaram, fue arrestado este mi\u00e9rcoles en su casa de Guayaquil al ser acusado de presunta criminalidad organizada.<br \/>\nLo anunci\u00f3 la ministra de Interior, Maria Paula Romo. &#8220;En la primera ma\u00f1ana de hoy, la polic\u00eda ecuatoriana arrest\u00f3 al ciudadano Abdal\u00e1 Bucaram Ort\u00edz y a dos vigilantes del municipio de Quito. Ser\u00e1n puestos inmediatamente a disposici\u00f3n de la justica&#8221;, escribi\u00f3 la ministra en Twitter. La fiscal\u00eda general indic\u00f3 que el expresidente ecuatoriano -apodado &#8220;El loco&#8221; por su comportamiento exc\u00e9ntrico- fue indagado por su presunta implicaci\u00f3n en actividades de crimen organizado.<br \/>\nSeg\u00fan lo referido por el diario El Universo, la fiscal\u00eda indic\u00f3 que, adem\u00e1s del expresidente, este caso tambi\u00e9n involucra al hijo, Jacobo Bucaram La Fiscal\u00eda implic\u00f3 en las \u00faltimas horas a Bucaram por la muerte del israel\u00ed Shy Dahan, ocurrido el s\u00e1bado pasado en la Penitenciar\u00eda de Guayaquil.<br \/>\nDahan acus\u00f3 a Abdal\u00e1 Bucaram y su primog\u00e9nito, Jacobo Bucaram (actualmente pr\u00f3fugo), de estar implicados en la venta ilegal de insumos m\u00e9dicos (pruebas Covid-19), los mismos que adquir\u00edan en Guayaquil los hospitales del Instituto Ecuatoriano de Seguridad Social (IESS).<br \/>\nHace unos d\u00edas, Bucaram anunci\u00f3 su candidatura a la presidencia en las elecciones ecuatorianas previstas para el pr\u00f3ximo a\u00f1o.<br \/>\nHoras antes de anunciar su candidatura, circul\u00f3 en las redes sociales el audio de una presunta conversaci\u00f3n entre Bucaram y el ciudadano israel\u00ed en la c\u00e1rcel.<br \/>\nSeg\u00fan lo referido por los medios, el di\u00e1logo present\u00f3 las referencias por el delito de tr\u00e1fico de influencias por parte del expresidente. Abdal\u00e1 Bucaram fue presidente durante seis meses, antes de ser destituido por el Parlamento, en 1997, por incapacidad.<br \/>\nEn junio pasado hab\u00eda estado bajo arresto domiciliario por una indagaci\u00f3n en un casa de Guayaquil en el marco de una investigaci\u00f3n sobre la existencia de una red de personas que intervinieron en la adquisici\u00f3n de bienes usados por instituciones p\u00fablicas en la lucha contra la pandemia del coronavirus.<\/p>\n","protected":false},"excerpt":{"rendered":"<p>Acusado de delincuencia organizada &nbsp; QUITO, 13 AGO &#8211; El expresidente ecuatoriano y candidato a las elecciones de 2021, Abdal\u00e1 Bucaram, fue arrestado este mi\u00e9rcoles&hellip;<\/p>\n","protected":false},"author":99,"featured_media":0,"comment_status":"open","ping_status":"open","sticky":false,"template":"","format":"standard","meta":{"footnotes":""},"categories":[23],"tags":[],"class_list":["post-493368","post","type-post","status-publish","format-standard","hentry","category-latinoamerica"],"_links":{"self":[{"href":"https:\/\/diarioelpopular.com\/index.php\/wp-json\/wp\/v2\/posts\/493368","targetHints":{"allow":["GET"]}}],"collection":[{"href":"https:\/\/diarioelpopular.com\/index.php\/wp-json\/wp\/v2\/posts"}],"about":[{"href":"https:\/\/diarioelpopular.com\/index.php\/wp-json\/wp\/v2\/types\/post"}],"author":[{"embeddable":true,"href":"https:\/\/diarioelpopular.com\/index.php\/wp-json\/wp\/v2\/users\/99"}],"replies":[{"embeddable":true,"href":"https:\/\/diarioelpopular.com\/index.php\/wp-json\/wp\/v2\/comments?post=493368"}],"version-history":[{"count":1,"href":"https:\/\/diarioelpopular.com\/index.php\/wp-json\/wp\/v2\/posts\/493368\/revisions"}],"predecessor-version":[{"id":493370,"href":"https:\/\/diarioelpopular.com\/index.php\/wp-json\/wp\/v2\/posts\/493368\/revisions\/493370"}],"wp:attachment":[{"href":"https:\/\/diarioelpopular.com\/index.php\/wp-json\/wp\/v2\/media?parent=493368"}],"wp:term":[{"taxonomy":"category","embeddable":true,"href":"https:\/\/diarioelpopular.com\/index.php\/wp-json\/wp\/v2\/categories?post=493368"},{"taxonomy":"post_tag","embeddable":true,"href":"https:\/\/diarioelpopular.com\/index.php\/wp-json\/wp\/v2\/tags?post=493368"}],"curies":[{"name":"wp","href":"https:\/\/api.w.org\/{rel}","templated":true}]}}