{"id":493371,"date":"2020-08-12T23:59:02","date_gmt":"2020-08-13T03:59:02","guid":{"rendered":"https:\/\/diarioelpopular.com\/?p=493371"},"modified":"2020-08-12T23:59:02","modified_gmt":"2020-08-13T03:59:02","slug":"capital-chilena-sale-del-confinamiento","status":"publish","type":"post","link":"https:\/\/diarioelpopular.com\/index.php\/2020\/08\/12\/capital-chilena-sale-del-confinamiento\/","title":{"rendered":"Capital chilena sale del confinamiento"},"content":{"rendered":"<h4><img loading=\"lazy\" decoding=\"async\" class=\"alignnone size-medium wp-image-493372\" src=\"https:\/\/diarioelpopular.com\/wp-content\/uploads\/2020\/08\/683ddcbd0b3fb76b46dd2461dc34d807-1-300x200.jpg\" alt=\"\" width=\"300\" height=\"200\" \/><\/h4>\n<h4><em><strong>M\u00e1s de 700.000 personas inician Transici\u00f3n en Santiago<\/strong><\/em><\/h4>\n<p>&nbsp;<\/p>\n<p><em><strong>SANTIAGO DEL CHILE, 13 AGO &#8211;<\/strong><\/em> Dos grandes comunas del Gran Santiago y cerca de 709 mil personas iniciar\u00e1n el pr\u00f3ximo lunes la fase de Transici\u00f3n hacia la normalidad tras 143 d\u00edas de cuarentena.<br \/>\nSimult\u00e1neamente las autoridades anunciaron permisos de tres d\u00edas a la semana, por dos horas, para todos los ni\u00f1os que habitan en centenares de comunas de todo Chile que a\u00fan se mantienen confinadas por el coronavirus.<br \/>\nSantiago y la aleda\u00f1a comuna de Estaci\u00f3n Central dejar\u00e1n la cuarentena el pr\u00f3ximo lunes y pasar\u00e1n a la etapa de Transici\u00f3n con una gran advertencia de las autoridades de mantener las medidas de cuidado y resguardo entre \u00e9stas el uso de mascarillas, distanciamiento social y lavar y limpiar las manos con alcohol.<br \/>\nEl gran riesgo es un rebrote que obligue a volver atr\u00e1s pues por estas dos comunas del Gran Santiago transitan diariamente cerca de 2,5 millones de personas.<br \/>\nY con la actual tasa de cesant\u00eda, que en la capital chilena alcanz\u00f3 un 14,1% en junio pasado y hoy supera ese porcentaje, ser\u00e1 muy dif\u00edcil impedir que muchas personas salgan de sus casas para trabajar, sobretodo las m\u00e1s pobres que buscan o quieren ejercer como vendedores ambulantes ilegales.<br \/>\n&#8220;Estamos cansados. Queremos trabajar&#8221;, declaran muchos entrevistados en estas comunas de Santiago.<br \/>\n&#8220;Vamos mejorando, sin embargo, el camino es dif\u00edcil. Este camino no est\u00e1 escrito, la humanidad y el pa\u00eds lo han tenido que ir escribiendo paso a paso&#8221;, explic\u00f3 el ministro de Salud, Enrique Paris.<br \/>\nRodrigo Delgado, alcalde de Estaci\u00f3n Central, record\u00f3 que &#8220;el plan paso a paso es gradual. Se avanza o se retrocede y estamos todos sujetos a una evaluaci\u00f3n&#8221;.<br \/>\nSobre el inminente renacer del comercio ambulante ilegal, Delgado dijo que en su municipio &#8220;hay un problema social de fondo. Una informalidad administrativa de migrantes trae informalidad en vivienda, trabajo, educaci\u00f3n y salud&#8221;.<br \/>\n&#8220;Hay que apoyar a las personas m\u00e1s vulnerables. Por p\u00e9rdida de trabajo y de ingreso vamos a tener un aumento de comerciantes informales y en ferias libres&#8221;, subray\u00f3.<br \/>\nEl alcalde de Santiago, Felipe Alessandri, calific\u00f3 la etapa de transici\u00f3n como &#8220;una primera luz de esperanza que se abre, pero con mucha cautela para no tener que retroceder&#8221;.<br \/>\nEl edil llam\u00f3 a los santiaguinos a ser responsables y &#8220;no salir si no es estrictamente necesario, porque es una transici\u00f3n a una pr\u00f3xima apertura&#8221;.<br \/>\nAlessandri pondr\u00e1 en marcha un plan de segregaci\u00f3n de calles y apertura gradual de parques y centros comerciales con aforo m\u00e1ximo y exigencia de mascarillas.<br \/>\nEl m\u00e9dico internista Juan Carlos Said cree que la etapa de transici\u00f3n en Santiago &#8220;va a poner a prueba la trazabilidad del coronavirus, elemento clave para no estar expuestos a un rebrote&#8221;.<br \/>\n&#8220;Trazar eficientemente reduce los contagios en un 70%&#8221;, asever\u00f3.<br \/>\nEn su informe diario, las autoridades sanitarias informaron hoy que en las \u00faltimas 24 horas hubo 1.540 casos nuevos, de los cuales 421 asintom\u00e1ticos. La cifra total desde inicios de la pandemia es de 378.168 de los cuales 16.544 se mantienen activos.<br \/>\nEn las \u00faltimas 24 horas murieron 27 personas elevando el total de fallecidos confirmados de coronavirus a 10.205.<br \/>\nHay 1.255 personas en unidades de cuidado intensivo y 197 de ellas en estado cr\u00edtico.<br \/>\nEn 110 laboratorios se realizaron los ex\u00e1menes PCR en todo Chile. En la \u00faltima jornada se practicaron 19.348 ex\u00e1menes elevando el total desde inicios de la pandemia a 1.908.964.<\/p>\n","protected":false},"excerpt":{"rendered":"<p>M\u00e1s de 700.000 personas inician Transici\u00f3n en Santiago &nbsp; SANTIAGO DEL CHILE, 13 AGO &#8211; Dos grandes comunas del Gran Santiago y cerca de 709&hellip;<\/p>\n","protected":false},"author":99,"featured_media":0,"comment_status":"open","ping_status":"open","sticky":false,"template":"","format":"standard","meta":{"footnotes":""},"categories":[23],"tags":[],"class_list":["post-493371","post","type-post","status-publish","format-standard","hentry","category-latinoamerica"],"_links":{"self":[{"href":"https:\/\/diarioelpopular.com\/index.php\/wp-json\/wp\/v2\/posts\/493371","targetHints":{"allow":["GET"]}}],"collection":[{"href":"https:\/\/diarioelpopular.com\/index.php\/wp-json\/wp\/v2\/posts"}],"about":[{"href":"https:\/\/diarioelpopular.com\/index.php\/wp-json\/wp\/v2\/types\/post"}],"author":[{"embeddable":true,"href":"https:\/\/diarioelpopular.com\/index.php\/wp-json\/wp\/v2\/users\/99"}],"replies":[{"embeddable":true,"href":"https:\/\/diarioelpopular.com\/index.php\/wp-json\/wp\/v2\/comments?post=493371"}],"version-history":[{"count":1,"href":"https:\/\/diarioelpopular.com\/index.php\/wp-json\/wp\/v2\/posts\/493371\/revisions"}],"predecessor-version":[{"id":493373,"href":"https:\/\/diarioelpopular.com\/index.php\/wp-json\/wp\/v2\/posts\/493371\/revisions\/493373"}],"wp:attachment":[{"href":"https:\/\/diarioelpopular.com\/index.php\/wp-json\/wp\/v2\/media?parent=493371"}],"wp:term":[{"taxonomy":"category","embeddable":true,"href":"https:\/\/diarioelpopular.com\/index.php\/wp-json\/wp\/v2\/categories?post=493371"},{"taxonomy":"post_tag","embeddable":true,"href":"https:\/\/diarioelpopular.com\/index.php\/wp-json\/wp\/v2\/tags?post=493371"}],"curies":[{"name":"wp","href":"https:\/\/api.w.org\/{rel}","templated":true}]}}