{"id":493378,"date":"2020-08-13T12:23:59","date_gmt":"2020-08-13T16:23:59","guid":{"rendered":"https:\/\/diarioelpopular.com\/?p=493378"},"modified":"2020-08-13T12:23:59","modified_gmt":"2020-08-13T16:23:59","slug":"impulsan-ley-que-fortalece-la-italianidad","status":"publish","type":"post","link":"https:\/\/diarioelpopular.com\/index.php\/2020\/08\/13\/impulsan-ley-que-fortalece-la-italianidad\/","title":{"rendered":"Impulsan ley que fortalece la italianidad"},"content":{"rendered":"<div id=\"attachment_493379\" style=\"width: 310px\" class=\"wp-caption alignnone\"><img loading=\"lazy\" decoding=\"async\" aria-describedby=\"caption-attachment-493379\" class=\"size-medium wp-image-493379\" src=\"https:\/\/diarioelpopular.com\/wp-content\/uploads\/2020\/08\/4e64b16149490e66c4dd5038b039d7d5-300x169.jpg\" alt=\"\" width=\"300\" height=\"169\" \/><p id=\"caption-attachment-493379\" class=\"wp-caption-text\"><em>El Monumento a la Bandera, en Rosario, Argentina, iluminado con los colores italianos.<\/em><br \/><em>(foto: Ansa)<\/em><\/p><\/div>\n<h4><em><strong>D\u00eda del Inmigrante Italiano, 3 de junio, en todas las provincias<\/strong><\/em><\/h4>\n<p>&nbsp;<\/p>\n<p><em><strong>BUENOS AIRES 13 AGO &#8211;<\/strong><\/em> Un in\u00e9dito movimiento legislativo de alcance federal est\u00e1 recorriendo Argentina de norte a sur y de este a oeste, pese a los momentos cr\u00edticos de la pandemia de Covid-19, en busca de que en los 24 estados se celebre por siempre el D\u00eda del Inmigrante Italiano el 3 de junio.<br \/>\nEl gestor del movimiento es Esteban Garrido, diputado de la Legislatura de la Ciudad Aut\u00f3noma de Buenos Aires por Vamos Juntos, la alianza que gobierna en la capital argentina, que es opositora al gobierno nacional de Alberto Fern\u00e1ndez (peronista de centro izquierda) La elecci\u00f3n del 3 de junio de cada a\u00f1o como D\u00eda del Inmigrante Italiano en la ley nacional (sancionada y promulgada en 1995), es en homenaje a la fecha de nacimiento en 1770 de Manuel Belgrano, pr\u00f3cer argentino de la independencia, creador de la bandera, que ten\u00eda ancestros italianos.<br \/>\n&#8220;Teniendo ese marco nacional, me pareci\u00f3 una buena oportunidad para realizar un trabajo federal y transversal con distintos colegas de distintos distritos. Asimismo, dada la representatividad de la comunidad italiana en todo el pa\u00eds, es un reconocimiento que exced\u00eda el \u00e1mbito de mi competencia en Buenos Aires&#8221;, explic\u00f3 Garrido a la agencia ANSA.<br \/>\n&#8220;Es un modo de agradecimiento a la comunidad italiana y tambi\u00e9n a Belgrano. Y ambas cuestiones requieren una mirada que vaya m\u00e1s all\u00e1 de lo partidario. La inmigraci\u00f3n italiana ha dejado una huella indeleble en la cultura de nuestro pa\u00eds, nadie duda de eso y la ley encuentra amplia adhesi\u00f3n&#8221;, resalt\u00f3 el legislador.<br \/>\n&#8220;Los lazos hist\u00f3ricos entre Italia y Argentina se remontan a la primera fundaci\u00f3n de Buenos Aires (1536, NDR), cuando el colonizador Pedro de Mendoza, atribuy\u00f3 &#8216;el milagro de llegar a buen puerto a la Virgen Santa Mar\u00eda del Buon Aria y bautiz\u00f3 la ciudad con su nombre en espa\u00f1ol: Buenos Aires&#8221;, evoc\u00f3 Garrido.<br \/>\n&#8220;Desde el siglo XVII peque\u00f1os grupos de italianos comenzaron a emigrar al pa\u00eds. Pero la ola fuerte ocurri\u00f3 entre 1880 y 1920. Junto a la espa\u00f1ola, fue la m\u00e1s numerosa e importante, y ambas son pilar fundamental para comprender nuestra historia&#8221;, ampli\u00f3 el legislador en di\u00e1logo con la agencia ANSA.<br \/>\nPara Garrido, la influencia italiana en la cultura argentina &#8220;es innegable&#8221; y resalt\u00f3 que &#8220;ese legado se manifiesta tanto en el lenguaje, como en las costumbres, la gastronom\u00eda y la m\u00fasica&#8221;.<br \/>\n&#8220;Tambi\u00e9n lo ha hecho en el arte, la arquitectura y el urbanismo y solo por tomar un ejemplo de ello, podemos mencionar a los arquitectos italianos Francesco Tamburini y Vittorio Meano, quienes dejaron su impronta en el dise\u00f1o de varios de nuestros edificios p\u00fablicos, entre ellos, la Casa Rosada (sede del gobierno nacional, NDR) y el Congreso de la Naci\u00f3n&#8221;, describi\u00f3 Garrido.<br \/>\n&#8220;Argentina es el pa\u00eds con mayor cantidad de personas con nacionalidad italiana, fuera de Italia. Sus costumbres y su forma de ser se han mezclado con las nuestras, convirti\u00e9ndose en parte de nuestra idiosincrasia&#8221;, remarc\u00f3 Garrido.<br \/>\nAlgunas provincias argentinas tienen la norma ya en tratamiento en comisi\u00f3n, otras la mantienen en fila para ser tratadas en el recinto pr\u00f3ximamente, aunque en medio de una actividad parlamentaria en todo el pa\u00eds, realizada a trav\u00e9s de conferencias online a ra\u00edz del Covid-19.<br \/>\n&#8220;En Santa Fe (centro del pa\u00eds, NDR) hay una gran huella italiana, que est\u00e1 presente en la vida cotidiana, en las helader\u00edas, en las panader\u00edas, en la gastronom\u00eda. La herencia migratoria es innegable y la adhesi\u00f3n a la ley honra esa realidad&#8221;, dijo la legisladora de ese estado argentino Ana Mart\u00ednez a ANSA, convencida de que antes de fin de a\u00f1o estar\u00e1 resuelto el tr\u00e1mite.<br \/>\nEste a\u00f1o, el Monumento a la Bandera en Rosario, provincia de Santa Fe, donde Belgrano iz\u00f3 por primera vez el pabell\u00f3n nacional se ilumin\u00f3 de rojo, verde y blanco el tres de junio en homenaje a la influencia italiana, lo mismo ocurri\u00f3 con el Obelisco, emblema de la ciudad de Buenos Aires.<br \/>\nManuel Troncoso, un legislador de Entre R\u00edos (este), tambi\u00e9n impulsa en su tierra la idea motorizada por Garrido y sostiene que si bien esta movida la ha disparado Juntos por el Cambio, el partido del ex presidente Mauricio Macri, &#8220;excede el marco partidario y cuenta con respaldo de todos los bloques&#8221;.<br \/>\nEsta semana, incluso, la legislatura de Chubut (extremo sur de Argentina) ya la aprob\u00f3 y la convirti\u00f3 en ley provincial.<br \/>\n&#8220;Poco a poco ir\u00e1 pasando eso y el 3 de junio del a\u00f1o pr\u00f3ximo podremos celebrarlo a escala federal, es lo menos que podemos hacer por el aporte italiano&#8221;, complet\u00f3 Garrido.<\/p>\n","protected":false},"excerpt":{"rendered":"<p>D\u00eda del Inmigrante Italiano, 3 de junio, en todas las provincias &nbsp; BUENOS AIRES 13 AGO &#8211; Un in\u00e9dito movimiento legislativo de alcance federal est\u00e1&hellip;<\/p>\n","protected":false},"author":99,"featured_media":0,"comment_status":"open","ping_status":"open","sticky":false,"template":"","format":"standard","meta":{"footnotes":""},"categories":[23],"tags":[],"class_list":["post-493378","post","type-post","status-publish","format-standard","hentry","category-latinoamerica"],"_links":{"self":[{"href":"https:\/\/diarioelpopular.com\/index.php\/wp-json\/wp\/v2\/posts\/493378","targetHints":{"allow":["GET"]}}],"collection":[{"href":"https:\/\/diarioelpopular.com\/index.php\/wp-json\/wp\/v2\/posts"}],"about":[{"href":"https:\/\/diarioelpopular.com\/index.php\/wp-json\/wp\/v2\/types\/post"}],"author":[{"embeddable":true,"href":"https:\/\/diarioelpopular.com\/index.php\/wp-json\/wp\/v2\/users\/99"}],"replies":[{"embeddable":true,"href":"https:\/\/diarioelpopular.com\/index.php\/wp-json\/wp\/v2\/comments?post=493378"}],"version-history":[{"count":1,"href":"https:\/\/diarioelpopular.com\/index.php\/wp-json\/wp\/v2\/posts\/493378\/revisions"}],"predecessor-version":[{"id":493380,"href":"https:\/\/diarioelpopular.com\/index.php\/wp-json\/wp\/v2\/posts\/493378\/revisions\/493380"}],"wp:attachment":[{"href":"https:\/\/diarioelpopular.com\/index.php\/wp-json\/wp\/v2\/media?parent=493378"}],"wp:term":[{"taxonomy":"category","embeddable":true,"href":"https:\/\/diarioelpopular.com\/index.php\/wp-json\/wp\/v2\/categories?post=493378"},{"taxonomy":"post_tag","embeddable":true,"href":"https:\/\/diarioelpopular.com\/index.php\/wp-json\/wp\/v2\/tags?post=493378"}],"curies":[{"name":"wp","href":"https:\/\/api.w.org\/{rel}","templated":true}]}}