{"id":493415,"date":"2020-08-14T17:04:53","date_gmt":"2020-08-14T21:04:53","guid":{"rendered":"https:\/\/diarioelpopular.com\/?p=493415"},"modified":"2020-08-14T17:04:53","modified_gmt":"2020-08-14T21:04:53","slug":"reportan-592-casos-activos-de-la-covid-19","status":"publish","type":"post","link":"https:\/\/diarioelpopular.com\/index.php\/2020\/08\/14\/reportan-592-casos-activos-de-la-covid-19\/","title":{"rendered":"Reportan 592 casos activos de la Covid-19"},"content":{"rendered":"<div id=\"attachment_493416\" style=\"width: 160px\" class=\"wp-caption alignnone\"><img loading=\"lazy\" decoding=\"async\" aria-describedby=\"caption-attachment-493416\" class=\"size-thumbnail wp-image-493416\" src=\"https:\/\/diarioelpopular.com\/wp-content\/uploads\/2020\/08\/cfaaf81ba46ecd853677610acf13a4f1-150x150.jpg\" alt=\"\" width=\"150\" height=\"150\" \/><p id=\"caption-attachment-493416\" class=\"wp-caption-text\"><em>Desde que inici\u00f3 la pandemia 88 personas murieron en la isla.<\/em><\/p><\/div>\n<p><em><strong>LA HABANA, 14 AGO &#8211;<\/strong><\/em> Las autoridades sanitarias reportaron hoy 56 nuevos casos de Covid-19 y 592 ciudadanos contagiados en los hospitales de todo el pa\u00eds, una cifra considerada como &#8220;alta&#8221;.<br \/>\nDesde que comenz\u00f3 la pandemia mundial han sido 3,229 las personas que enfermaron en la isla con 88 muertes. El viernes se reconoci\u00f3 oficialmente el error de haber atribuido la muerte de un ciudadano reportada el jueves a la Covid-19 cuando ocurri\u00f3 por otros motivos.<br \/>\nLa epidemia contin\u00faa fuerte en La Habana, donde se registraron 33 de los 56 casos reportados hoy, con un alto nivel de dispersi\u00f3n por los municipios de la capital cubana.<br \/>\nLa provincia de Artemisa, aleda\u00f1a a La Habana, presenta una situaci\u00f3n similar a la habanera con 19 de los nuevos casos tambi\u00e9n dispersados por todos sus territorios municipales.<br \/>\nEn el resto de la isla los casos registrados en la \u00faltima semana son relativamente pocos, pero extendidos hasta su parte central y al extremo este de la isla.<br \/>\nEl reporte del viernes incluy\u00f3 2547 altas de enfermos con la Covid-19 desde que se inici\u00f3 la pandemia con 22 en las \u00faltimas horas.<br \/>\nPron\u00f3sticos gubernamentales indican que el repunte del nuevo coronavirus en desarrollo actualmente ser\u00e1 controlado hacia fines del a\u00f1o aunque bajo una advertencia de un nuevo &#8220;pico&#8221; que ocurrir\u00eda en octubre en la isla.<\/p>\n","protected":false},"excerpt":{"rendered":"<p>LA HABANA, 14 AGO &#8211; Las autoridades sanitarias reportaron hoy 56 nuevos casos de Covid-19 y 592 ciudadanos contagiados en los hospitales de todo el&hellip;<\/p>\n","protected":false},"author":99,"featured_media":0,"comment_status":"open","ping_status":"open","sticky":false,"template":"","format":"standard","meta":{"footnotes":""},"categories":[23],"tags":[],"class_list":["post-493415","post","type-post","status-publish","format-standard","hentry","category-latinoamerica"],"_links":{"self":[{"href":"https:\/\/diarioelpopular.com\/index.php\/wp-json\/wp\/v2\/posts\/493415","targetHints":{"allow":["GET"]}}],"collection":[{"href":"https:\/\/diarioelpopular.com\/index.php\/wp-json\/wp\/v2\/posts"}],"about":[{"href":"https:\/\/diarioelpopular.com\/index.php\/wp-json\/wp\/v2\/types\/post"}],"author":[{"embeddable":true,"href":"https:\/\/diarioelpopular.com\/index.php\/wp-json\/wp\/v2\/users\/99"}],"replies":[{"embeddable":true,"href":"https:\/\/diarioelpopular.com\/index.php\/wp-json\/wp\/v2\/comments?post=493415"}],"version-history":[{"count":1,"href":"https:\/\/diarioelpopular.com\/index.php\/wp-json\/wp\/v2\/posts\/493415\/revisions"}],"predecessor-version":[{"id":493417,"href":"https:\/\/diarioelpopular.com\/index.php\/wp-json\/wp\/v2\/posts\/493415\/revisions\/493417"}],"wp:attachment":[{"href":"https:\/\/diarioelpopular.com\/index.php\/wp-json\/wp\/v2\/media?parent=493415"}],"wp:term":[{"taxonomy":"category","embeddable":true,"href":"https:\/\/diarioelpopular.com\/index.php\/wp-json\/wp\/v2\/categories?post=493415"},{"taxonomy":"post_tag","embeddable":true,"href":"https:\/\/diarioelpopular.com\/index.php\/wp-json\/wp\/v2\/tags?post=493415"}],"curies":[{"name":"wp","href":"https:\/\/api.w.org\/{rel}","templated":true}]}}