{"id":493423,"date":"2020-08-16T13:41:13","date_gmt":"2020-08-16T17:41:13","guid":{"rendered":"https:\/\/diarioelpopular.com\/?p=493423"},"modified":"2020-08-16T13:41:13","modified_gmt":"2020-08-16T17:41:13","slug":"bolsonaro-inmune-ante-la-crisis","status":"publish","type":"post","link":"https:\/\/diarioelpopular.com\/index.php\/2020\/08\/16\/bolsonaro-inmune-ante-la-crisis\/","title":{"rendered":"Bolsonaro inmune ante la crisis"},"content":{"rendered":"<h4><\/h4>\n<div id=\"attachment_493424\" style=\"width: 486px\" class=\"wp-caption alignnone\"><img loading=\"lazy\" decoding=\"async\" aria-describedby=\"caption-attachment-493424\" class=\"size-custom-full-size wp-image-493424\" src=\"https:\/\/diarioelpopular.com\/wp-content\/uploads\/2020\/08\/9919f7e6d3e7d8f1d4b35d346a2f65aa.jpg\" alt=\"\" width=\"476\" height=\"301\" \/><p id=\"caption-attachment-493424\" class=\"wp-caption-text\"><em>Jair Bolsonaro, pese a todo, en la cumbre de su popularidad.<\/em><br \/><em>(foto: ANSA)<\/em><\/p><\/div>\n<h4><em><strong>Presidente con alta popularidad a pesar alto n\u00famero v\u00edctimas<\/strong><\/em><\/h4>\n<p><em><strong>BRASILIA, 15 AGO &#8211;<\/strong><\/em> La popularidad del presidente brasile\u00f1o, Jair Bolsonaro, parece ser inmune al avance violento de la pandemia del coronavirus con un crecimiento de su popularidad al 37 %, el \u00edndice m\u00e1s alto desde el inicio de su mandato en 2019.<br \/>\nLa encuesta de Datafolha inici\u00f3 su recolecci\u00f3n de datos el 11 de agosto, tres d\u00edas despu\u00e9s de que Brasil alcanz\u00f3 la cifra, fat\u00eddica, de 100 mil v\u00edctimas fatales y 3 millones de contaminados con el Covid-19.<br \/>\nLa imagen &#8220;\u00f3ptima y buena&#8221; del jefe de Estado avanz\u00f3 del 32 % al 37 % entre el sondeo anterior realizado a fines de junio y este \u00faltimo, conclu\u00eddo el mi\u00e9rcoles pasado.<br \/>\nMientras la aprobaci\u00f3n de Bolsonaro mejor\u00f3 5 puntos la imagen &#8220;p\u00e9sima o mala&#8221; present\u00f3 una baja pronunciada, pas\u00f3 del 44 % en junio al 34 % en agosto, indic\u00f3 con la consulta publicada hoy en el diario Folha de San Pablo.<br \/>\nPor otra parte las personas que ven al presidente de ultra derecha como regular evolucionaron del 23 % en junio al 27 % en agosto.<br \/>\nDatafolha entrevist\u00f3 telef\u00f3nicamente a 2065 personas empleando una metodolog\u00eda con m\u00e1rgenes de error de 2 puntos para m\u00e1s y 2 para menos.<br \/>\nSeg\u00fan el an\u00e1lisis del diario Folha un factor gravitante en el buen posicionamiento de Bolsonaro fue el auxilio econ\u00f3mico de emergencia, de 600 reales ( unos 120 d\u00f3lares) pagado por el gobierno a los sectores m\u00e1s humildes afectados por la pandemia del coronavirus.<br \/>\nEl Banco Central inform\u00f3 hoy que la actividad econ\u00f3mica tuvo una ca\u00edda de casi el 11 % en el segundo trimestre del a\u00f1o frente al primero.<br \/>\nEsa suma de dinero distribuida por el gobierno de Bolsonaro es m\u00e1s alta que la entregada por el plan social Bolsa Familia, heredado de los gobiernos del expresidente, Luiz In\u00e1cio Lula da Silva.<br \/>\nAnte el \u00e9xito de este subsidio Bolsonaro manifest\u00f3 su intenci\u00f3n de prolongarlo por m\u00e1s tiempo, tal vez hasta noviembre, cuando se realizar\u00e1n las elecciones municipales que ser\u00e1n su primer test en las urnas desde que lleg\u00f3 al Palacio del Planalto en enero del a\u00f1o pasado.<br \/>\nEn la regi\u00f3n nordeste, la m\u00e1s pobre del pa\u00eds, el impacto de ese subsidio se tradujo con claridad en la encuesta de Datafolha.<br \/>\nEn junio el respaldo dado Bolsonaro en el nordeste era del 27 % y en agosto creci\u00f3 al 33 %, mientras el rechazo tuvo una baja notoria, pas\u00f3 del 52 % al 35%.<br \/>\nDe tal suerte que en los meses m\u00e1s severos de la crisis sanitaria por el Covid-19, Bolsonaro robusteci\u00f3 su respaldo popular y lejos de expresar una autocr\u00edtica por su pol\u00edtica sanitaria, la ratific\u00f3 adem\u00e1s de se\u00f1alar que las muertes son &#8220;inevitables&#8221;.<br \/>\nEl lunes las banderas del Congreso y el Supremo Tribunal Federal flameaban a media asta por el duelo, pero no las del Palacio del Planato porque Bolsonaro se rehus\u00f3 a declarar luto por los cien mil muertos.<br \/>\nPocos d\u00edas despu\u00e9s cerca del palacio presidencial fueron clavadas decenas de cruces negras simbolizando el &#8220;genocidio&#8221; del presidente, atribuido por agrupaciones afro-descendientes que presentaron un pedido de impeachment.<\/p>\n","protected":false},"excerpt":{"rendered":"<p>Presidente con alta popularidad a pesar alto n\u00famero v\u00edctimas BRASILIA, 15 AGO &#8211; La popularidad del presidente brasile\u00f1o, Jair Bolsonaro, parece ser inmune al avance&hellip;<\/p>\n","protected":false},"author":99,"featured_media":0,"comment_status":"open","ping_status":"open","sticky":false,"template":"","format":"standard","meta":{"footnotes":""},"categories":[23],"tags":[],"class_list":["post-493423","post","type-post","status-publish","format-standard","hentry","category-latinoamerica"],"_links":{"self":[{"href":"https:\/\/diarioelpopular.com\/index.php\/wp-json\/wp\/v2\/posts\/493423","targetHints":{"allow":["GET"]}}],"collection":[{"href":"https:\/\/diarioelpopular.com\/index.php\/wp-json\/wp\/v2\/posts"}],"about":[{"href":"https:\/\/diarioelpopular.com\/index.php\/wp-json\/wp\/v2\/types\/post"}],"author":[{"embeddable":true,"href":"https:\/\/diarioelpopular.com\/index.php\/wp-json\/wp\/v2\/users\/99"}],"replies":[{"embeddable":true,"href":"https:\/\/diarioelpopular.com\/index.php\/wp-json\/wp\/v2\/comments?post=493423"}],"version-history":[{"count":1,"href":"https:\/\/diarioelpopular.com\/index.php\/wp-json\/wp\/v2\/posts\/493423\/revisions"}],"predecessor-version":[{"id":493425,"href":"https:\/\/diarioelpopular.com\/index.php\/wp-json\/wp\/v2\/posts\/493423\/revisions\/493425"}],"wp:attachment":[{"href":"https:\/\/diarioelpopular.com\/index.php\/wp-json\/wp\/v2\/media?parent=493423"}],"wp:term":[{"taxonomy":"category","embeddable":true,"href":"https:\/\/diarioelpopular.com\/index.php\/wp-json\/wp\/v2\/categories?post=493423"},{"taxonomy":"post_tag","embeddable":true,"href":"https:\/\/diarioelpopular.com\/index.php\/wp-json\/wp\/v2\/tags?post=493423"}],"curies":[{"name":"wp","href":"https:\/\/api.w.org\/{rel}","templated":true}]}}