{"id":493426,"date":"2020-08-16T13:43:57","date_gmt":"2020-08-16T17:43:57","guid":{"rendered":"https:\/\/diarioelpopular.com\/?p=493426"},"modified":"2020-08-16T13:43:57","modified_gmt":"2020-08-16T17:43:57","slug":"el-encierro-golpea-a-los-ninos-chilenos","status":"publish","type":"post","link":"https:\/\/diarioelpopular.com\/index.php\/2020\/08\/16\/el-encierro-golpea-a-los-ninos-chilenos\/","title":{"rendered":"El encierro golpea a los ni\u00f1os chilenos"},"content":{"rendered":"<div id=\"attachment_493427\" style=\"width: 310px\" class=\"wp-caption alignnone\"><img loading=\"lazy\" decoding=\"async\" aria-describedby=\"caption-attachment-493427\" class=\"size-medium wp-image-493427\" src=\"https:\/\/diarioelpopular.com\/wp-content\/uploads\/2020\/08\/0b0cb64e711fb0554e617d71961c6633-300x200.jpg\" alt=\"\" width=\"300\" height=\"200\" \/><p id=\"caption-attachment-493427\" class=\"wp-caption-text\"><em>Problemas con los ni\u00f1os en Chile por la pandemia.<\/em><\/p><\/div>\n<h4><em><strong>Menores m\u00e1s irritables, m\u00e1s solos y sin ir al m\u00e9dico, encuesta<\/strong><\/em><\/h4>\n<p><em><strong>SANTIAGO DEL CILE, 15 AGO &#8211;<\/strong><\/em> Una encuesta en Chile sobre el estado emocional y an\u00edmico de los ni\u00f1os en cuarentena forzosa por el Covid-19 revel\u00f3 que un 61% est\u00e1 m\u00e1s irritable, un 79% no fue a sus controles m\u00e9dicos y un 55% no puede jugar al aire libre.<br \/>\nEl gobierno del presidente Sebasti\u00e1n Pi\u00f1era anunci\u00f3 que desde el pr\u00f3ximo martes los ni\u00f1os y adolescentes en cuarentena podr\u00e1n salir de sus casas para jugar y pasear. Lo podr\u00e1n hacer tres d\u00edas a la semana y durante 90 minutos.<br \/>\nEl estudio se realiz\u00f3 en julio para indagar aspectos del bienestar socio-emocional de los ni\u00f1os y la situaci\u00f3n de sus cuidadores y fue organizada por el Centro de Estudios de Desarrollo y Estimulaci\u00f3n Psicosocial (CEDEP), con colaboraci\u00f3n de m\u00e1s de 50 organismos, entre ellos UNICEF.<br \/>\nUn 59% de los ni\u00f1os presenta berrinches y llantos; un 43% est\u00e1 menos paciente y con menos tolerancia a la frustraci\u00f3n y un 37% est\u00e1 m\u00e1s triste que antes.<br \/>\nEl porcentaje de ni\u00f1os que no fue a sus controles m\u00e9dicos por la pandemia lleg\u00f3 al 79%.<br \/>\nTambi\u00e9n se alter\u00f3 la interacci\u00f3n de los ni\u00f1os con la naturaleza: un 76% pasa menos tiempo jugando o estando al aire libre y un 55% no tiene la posibilidad de salir diariamente a jugar al aire libre.<br \/>\nEn un balance global frente a la crisis sanitaria, un 53% consider\u00f3 que la situaci\u00f3n de bienestar de los ni\u00f1os durante la pandemia &#8220;es igual que antes&#8221;; un 21% dijo &#8220;mejor que antes&#8221;, y un 28% dijo que &#8220;peor que antes&#8221;.<br \/>\nTambi\u00e9n la situaci\u00f3n de sus cuidadores se alter\u00f3: un 64% dijo sentirse &#8220;m\u00e1s irritable&#8221; que antes del contexto pandemia.<br \/>\nEn cuanto al estado socioemocional de los adultos cuidadores, un 61% respondi\u00f3 &#8220;no tener suficiente tiempo y energ\u00eda&#8221; para estimular a sus hijos, un 75% dijo sentirse &#8220;m\u00e1s preocupado que antes&#8221; y un 64% se percibe m\u00e1s irritable que antes.<br \/>\nOtras se\u00f1ales dan cuenta que un 54% de los cuidadores refiere sentir &#8220;m\u00e1s miedo que antes&#8221;; un 47% percibe que su estado de \u00e1nimo est\u00e1 menos estable que antes, y un 58% dice estar durmiendo &#8220;peor que antes&#8221;.<br \/>\nMagdalena Moreno, investigadora Cedep, afirm\u00f3 que &#8220;los ni\u00f1os son s\u00faper resilientes, pueden salir adelante, pero para salir adelante necesitan un andamio que se logre sostener, y si ese andamio es el cuidador y si ellos est\u00e1n mal, ese piso no va a estar&#8221;.<br \/>\n&#8220;Es muy importante enfocarse en c\u00f3mo est\u00e1n esos cuidadores tambi\u00e9n&#8221;, subray\u00f3.<br \/>\nEl sondeo fue realizado entre el 9 y el 31 de julio y respondido por m\u00e1s de 10 mil personas.<\/p>\n","protected":false},"excerpt":{"rendered":"<p>Menores m\u00e1s irritables, m\u00e1s solos y sin ir al m\u00e9dico, encuesta SANTIAGO DEL CILE, 15 AGO &#8211; Una encuesta en Chile sobre el estado emocional&hellip;<\/p>\n","protected":false},"author":99,"featured_media":0,"comment_status":"open","ping_status":"open","sticky":false,"template":"","format":"standard","meta":{"footnotes":""},"categories":[23],"tags":[],"class_list":["post-493426","post","type-post","status-publish","format-standard","hentry","category-latinoamerica"],"_links":{"self":[{"href":"https:\/\/diarioelpopular.com\/index.php\/wp-json\/wp\/v2\/posts\/493426","targetHints":{"allow":["GET"]}}],"collection":[{"href":"https:\/\/diarioelpopular.com\/index.php\/wp-json\/wp\/v2\/posts"}],"about":[{"href":"https:\/\/diarioelpopular.com\/index.php\/wp-json\/wp\/v2\/types\/post"}],"author":[{"embeddable":true,"href":"https:\/\/diarioelpopular.com\/index.php\/wp-json\/wp\/v2\/users\/99"}],"replies":[{"embeddable":true,"href":"https:\/\/diarioelpopular.com\/index.php\/wp-json\/wp\/v2\/comments?post=493426"}],"version-history":[{"count":1,"href":"https:\/\/diarioelpopular.com\/index.php\/wp-json\/wp\/v2\/posts\/493426\/revisions"}],"predecessor-version":[{"id":493428,"href":"https:\/\/diarioelpopular.com\/index.php\/wp-json\/wp\/v2\/posts\/493426\/revisions\/493428"}],"wp:attachment":[{"href":"https:\/\/diarioelpopular.com\/index.php\/wp-json\/wp\/v2\/media?parent=493426"}],"wp:term":[{"taxonomy":"category","embeddable":true,"href":"https:\/\/diarioelpopular.com\/index.php\/wp-json\/wp\/v2\/categories?post=493426"},{"taxonomy":"post_tag","embeddable":true,"href":"https:\/\/diarioelpopular.com\/index.php\/wp-json\/wp\/v2\/tags?post=493426"}],"curies":[{"name":"wp","href":"https:\/\/api.w.org\/{rel}","templated":true}]}}