{"id":493444,"date":"2020-08-16T18:03:37","date_gmt":"2020-08-16T22:03:37","guid":{"rendered":"https:\/\/diarioelpopular.com\/?p=493444"},"modified":"2020-08-16T18:03:37","modified_gmt":"2020-08-16T22:03:37","slug":"mas-suicidios-y-drogas-en-mexico-con-la-peste","status":"publish","type":"post","link":"https:\/\/diarioelpopular.com\/index.php\/2020\/08\/16\/mas-suicidios-y-drogas-en-mexico-con-la-peste\/","title":{"rendered":"M\u00e1s suicidios y drogas en M\u00e9xico con la peste"},"content":{"rendered":"<div id=\"attachment_493445\" style=\"width: 310px\" class=\"wp-caption alignnone\"><img loading=\"lazy\" decoding=\"async\" aria-describedby=\"caption-attachment-493445\" class=\"size-medium wp-image-493445\" src=\"https:\/\/diarioelpopular.com\/wp-content\/uploads\/2020\/08\/bb6ed16ca0c6e9cd7d9c21555aa741f7-300x200.jpg\" alt=\"\" width=\"300\" height=\"200\" \/><p id=\"caption-attachment-493445\" class=\"wp-caption-text\"><em>Una pintada que muestra al actor mexicano Ram\u00f3n Valdes, caracterizado como Don Ram\u00f3n, personaje de la serie &#8220;El chavo del ocho&#8221;.<\/em><\/p><\/div>\n<h4><em><strong>Confinamiento por pandemia los empujan a decisiones extremas<\/strong><\/em><\/h4>\n<p>&nbsp;<\/p>\n<p><em><strong>CIUDAD DE MEXICO, 16 AGO &#8211;<\/strong> <\/em>El prolongado confinamiento por la pandemia, que cumple casi cinco meses en algunos estados, tuvo fuerte impacto emocional en adolescentes y j\u00f3venes mexicanos, impuls\u00e1ndolos, muchas veces, a decisiones extremas como las adicciones y el suicidio.<br \/>\nCarmen Fern\u00e1ndez, directora general de los Centros de Integraci\u00f3n Juvenil (CIJ), una red de entidades contra las adicciones financiado por el gobierno, pero administrado por una asociaci\u00f3n civil, se\u00f1al\u00f3 que se increment\u00f3 el porcentaje de j\u00f3venes que comete suicidio durante la cuarentena aunque por ahora no hay cifras espec\u00edficas.<br \/>\nLas cifras oficiales m\u00e1s recientes sobre el tema, que datan de septiembre de 2019, arrojan que los j\u00f3venes de 20 a 24 a\u00f1os registran la tasa m\u00e1s alta de suicidios entre toda la poblaci\u00f3n, con 9,3 por cada 100.000 personas en ese rango de edad.<br \/>\nEl riesgo para los hombres de ese grupo es mayor, puesto la tasa asciende a 15,1 por cada 100.000.<br \/>\nActualmente, seg\u00fan el Instituto Nacional de Estad\u00edstica y Geograf\u00eda (INEGI) el suicidio es la segunda causa de muerte en la poblaci\u00f3n de 15 a 29 a\u00f1os.<br \/>\nEn espera de una actualizaci\u00f3n de los datos, este sector de la poblaci\u00f3n &#8220;tienen un alto riesgo en los comportamientos suicidas&#8221;, advirti\u00f3 la especialista en psicolog\u00eda, Paulina Arenas, acad\u00e9mica de la Universidad Nacional Aut\u00f3noma de M\u00e9xico (UNAM).<br \/>\nDurante la emergencia sanitaria es normal que &#8220;se incrementen los trastornos emocionales y comportamientos suicidas, debido al contexto de incertidumbre y cambiante que se vive&#8221;, afirm\u00f3.<br \/>\n&#8220;Bajo el estr\u00e9s del confinamiento se pueden exacerbar padecimientos anteriores o preexistentes, como la depresi\u00f3n o el estr\u00e9s postraum\u00e1tico, lo cual puede desarrollarse en conductas para desear terminar con la vida&#8221;, indic\u00f3.<br \/>\nOtro de los riesgos para los j\u00f3venes es que se vean orillados a consumir drogas, lo que les lleva a sufrir accidentes de auto, contraer enfermedades de transmisi\u00f3n sexual, vivir en un ambiente de violencia en pareja o a una degradaci\u00f3n emocional dentro de la familia.<br \/>\nPara especialistas mexicanos, la prolongada cuarentena y el temor al contagio ha generado en adolescentes y j\u00f3venes estr\u00e9s agudo y postraum\u00e1tico, depresi\u00f3n y ansiedad, que suele ser antesala de las adicciones a las drogas y el suicidio.<br \/>\nEmanuel Sarmiento, director del Hospital Psiqui\u00e1trico Infantil Juan N. Navarro, se\u00f1ala que este segmento demogr\u00e1fico ha sido duramente castigado con cambios dr\u00e1sticos en su estilo de vida.<br \/>\n&#8220;Dejaron de ir a la escuela (&#8230;) han dejado de salir por las tardes, los fines de semana a parques, cines, plazas comerciales\u2026 no es para menos que empiecen a generar despu\u00e9s de cuatro meses problemas conductuales y que se vayan incrementando&#8221;, afirm\u00f3 el experto.<br \/>\n&#8220;Probablemente (la peste) ya est\u00e9 cobrando una factura elevada en muchos de ellos&#8221;, afirm\u00f3 al indicar que los adolescentes &#8220;deben ser tratados por expertos en salud mental&#8221;.<br \/>\nEl experto considera que &#8220;una forma de ayudarlos es reconociendo y validando sus emociones, transmiti\u00e9ndoles seguridad y tranquilidad&#8221;, expuso al desaconsejar a los adultos aplicar castigos como &#8220;medida de control&#8221;.<br \/>\nEntre mayo y junio, los contagios entre todos los grupos de edad aumentaron 230% pero entre los menores de 17 a\u00f1os se increment\u00f3 el triple, seg\u00fan el ministerio de Salud.<br \/>\nSin embargo, los adolescentes que han librado la enfermedad no han quedado al margen del sufrimiento que representa ver a sus abuelos padres, hermanos, t\u00edos o primos enfermarse gravemente e incluso morir.<br \/>\nUn estudio sobre el impacto psicol\u00f3gico en m\u00e1s de 600 estudiantes universitarios mexicanos por confinamiento durante la pandemia por Covid-19 elaborado por expertos de universidades de los estados de Morelos, Puebla y Nayarit, arroj\u00f3 que el 36% ten\u00eda insomnio, 32% estr\u00e9s y 6% problemas psicosom\u00e1ticos.<br \/>\nLos especialistas urgieron a &#8220;adoptar programas de prevenci\u00f3n, control y disminuci\u00f3n&#8221; del impacto emocional provocado por la cuarentena prolongada.<\/p>\n","protected":false},"excerpt":{"rendered":"<p>Confinamiento por pandemia los empujan a decisiones extremas &nbsp; CIUDAD DE MEXICO, 16 AGO &#8211; El prolongado confinamiento por la pandemia, que cumple casi cinco&hellip;<\/p>\n","protected":false},"author":99,"featured_media":0,"comment_status":"open","ping_status":"open","sticky":false,"template":"","format":"standard","meta":{"footnotes":""},"categories":[23],"tags":[],"class_list":["post-493444","post","type-post","status-publish","format-standard","hentry","category-latinoamerica"],"_links":{"self":[{"href":"https:\/\/diarioelpopular.com\/index.php\/wp-json\/wp\/v2\/posts\/493444","targetHints":{"allow":["GET"]}}],"collection":[{"href":"https:\/\/diarioelpopular.com\/index.php\/wp-json\/wp\/v2\/posts"}],"about":[{"href":"https:\/\/diarioelpopular.com\/index.php\/wp-json\/wp\/v2\/types\/post"}],"author":[{"embeddable":true,"href":"https:\/\/diarioelpopular.com\/index.php\/wp-json\/wp\/v2\/users\/99"}],"replies":[{"embeddable":true,"href":"https:\/\/diarioelpopular.com\/index.php\/wp-json\/wp\/v2\/comments?post=493444"}],"version-history":[{"count":1,"href":"https:\/\/diarioelpopular.com\/index.php\/wp-json\/wp\/v2\/posts\/493444\/revisions"}],"predecessor-version":[{"id":493446,"href":"https:\/\/diarioelpopular.com\/index.php\/wp-json\/wp\/v2\/posts\/493444\/revisions\/493446"}],"wp:attachment":[{"href":"https:\/\/diarioelpopular.com\/index.php\/wp-json\/wp\/v2\/media?parent=493444"}],"wp:term":[{"taxonomy":"category","embeddable":true,"href":"https:\/\/diarioelpopular.com\/index.php\/wp-json\/wp\/v2\/categories?post=493444"},{"taxonomy":"post_tag","embeddable":true,"href":"https:\/\/diarioelpopular.com\/index.php\/wp-json\/wp\/v2\/tags?post=493444"}],"curies":[{"name":"wp","href":"https:\/\/api.w.org\/{rel}","templated":true}]}}