{"id":493456,"date":"2020-08-17T21:08:03","date_gmt":"2020-08-18T01:08:03","guid":{"rendered":"https:\/\/diarioelpopular.com\/?p=493456"},"modified":"2020-08-17T21:08:03","modified_gmt":"2020-08-18T01:08:03","slug":"marcha-antigubernamental-en-plena-pandemia","status":"publish","type":"post","link":"https:\/\/diarioelpopular.com\/index.php\/2020\/08\/17\/marcha-antigubernamental-en-plena-pandemia\/","title":{"rendered":"Marcha antigubernamental en plena pandemia"},"content":{"rendered":"<div id=\"attachment_493457\" style=\"width: 310px\" class=\"wp-caption alignnone\"><img loading=\"lazy\" decoding=\"async\" aria-describedby=\"caption-attachment-493457\" class=\"size-medium wp-image-493457\" src=\"https:\/\/diarioelpopular.com\/wp-content\/uploads\/2020\/08\/6766d6bf4918c0ca79453381c7eb9bc8-300x200.jpg\" alt=\"\" width=\"300\" height=\"200\" \/><p id=\"caption-attachment-493457\" class=\"wp-caption-text\"><em>Protesta contra el gobierno de Alberto Fern\u00e1ndez (foto: ANSA)<\/em><\/p><\/div>\n<h4><em><strong>Miles de personas reunidas con variados reclamos<\/strong><\/em><\/h4>\n<p><em><strong>BUENOS AIRES, Aug 17 ANSA &#8211;<\/strong><\/em>\u00a0Miles de personas se concentraron hoy en Buenos Aires y en las principales ciudades del interior de la Argentina en masivas marchas antigubernamentales, exhibiendo reclamos que van desde el fin de la cuarentena debida al coronavirus hasta la oposici\u00f3n a la reforma judicial que impulsa el gobierno de Alberto Fern\u00e1ndez y Cristina Fern\u00e1ndez de Kirchner.<\/p>\n<p>Las mayores concentraciones se vieron, adem\u00e1s del centro de la capital argentina, en Rosario, C\u00f3rdoba, Mendoza y Neuqu\u00e9n, donde los manifestantes reiteraron las consignas difundidas a trav\u00e9s de las redes sociales por el ala m\u00e1s dura de la oposici\u00f3n.<\/p>\n<p>Se trata de la cuarta marcha contra el gobierno de Fern\u00e1ndez en menos de tres meses, mientras contin\u00faan vigentes las restricciones de circulaci\u00f3n impuestas con la cuarentena iniciada el 20 de marzo.<\/p>\n<p>La protesta fue convocada a trav\u00e9s del hashtag #17ASalimosTodos y re\u00fane el malestar de una parte de la poblaci\u00f3n por el proyecto oficialista de Reforma Judicial, la crisis econ\u00f3mica, la extensi\u00f3n de la cuarentena y la inseguridad. La prensa af\u00edn al gobierno la bautiz\u00f3, por su parte, &#8220;la marcha de los contagios&#8221;.<\/p>\n<p>Parte de los manifestantes, incluyendo jubilados disconformes con sus haberes, se reunieron tambi\u00e9n, con banderas y entonando el Himno Nacional, ante la residencia presidencial de Olivos, en la periferia norte de Buenos Aires.<\/p>\n<p>Las marchas, en las que participan dirigentes opositores, no fue convocada por los partidos y suscita preocupaci\u00f3n por las posibles consecuencias sanitarias de la concentraci\u00f3n de personas cuando el n\u00famero de casos de coronavirus -en particular en Buenos Aires y alrededores- sigue en aumento.<\/p>\n<p>Para el ministro de Salud, Gin\u00e9s Gonz\u00e1lez Garc\u00eda, &#8220;convocar una marcha hoy es una irresponsabilidad. Es &#8220;una burla sobre todas las medida que estamos intentando con esfuerzo todos los argentinos&#8221;, agreg\u00f3.<\/p>\n<p>Por su parte la vicepresidente Fern\u00e1ndez difundi\u00f3 un mensaje de &#8220;unidad nacional&#8221;, en el d\u00eda en que la Argentina conmemora al libertador Jos\u00e9 de San Mart\u00edn, evitando mencionar las protestas.<\/p>\n<p>&#8220;Creo que est\u00e1n equivocados. No est\u00e1n midiendo las cosas. Despu\u00e9s, que cada uno cargue con la responsabilidad que le quepa por convocar a este tipo de cosas&#8221;, dijo por su parte el presidente Alberto Fern\u00e1ndez, mientras varias voces del oficialismo afirman que &#8220;el odio&#8221; moviliza la marcha.<\/p>\n<p>Los manifestantes del &#8220;Banderazo 17A&#8221;, como se difundi\u00f3 la marcha entre sus impulsores, decidieron sin embargo salir a las calles, muchos de ellos en sus veh\u00edculos particulares para mantener la distancia.<\/p>\n<p>\u201cAqu\u00ed me quedo a dar la pelea por la libertad y la justicia, porque este pa\u00eds es m\u00edo tambi\u00e9n\u201d, dijo un manifestante a la prensa local.<\/p>\n<p>En torno al Obelisco de Buenos Aires se vieron as\u00ed varias cuadras de veh\u00edculos en fila, portando banderas, y gente que poco a poco descend\u00eda para manifestar, usando tapabocas pero en muchos casos sin lograr mantener la distancia recomendada para evitar contagios.<\/p>\n<p>Las im\u00e1genes se repitieron en torno al Monumento a la Bandera en Rosario, en la ciudad de Tucum\u00e1n, en Mendoza, en el centro de C\u00f3rdoba y otras ciudades, as\u00ed como en la periferia de Buenos Aires y en los propios barrios de la capital argentina.<\/p>\n<p>&#8220;Ni una bandera de agrupaciones pol\u00edticas.. gente que va por convicci\u00f3n y por el deseo de una Argentina mejor.<\/p>\n<p>Lo que est\u00e1 mal es que no se respete la distancia, pero es un claro mensaje de que las cosas, como est\u00e1n, no est\u00e1n bien #17A&#8221;, tuite\u00f3 uno de los participantes.<\/p>\n","protected":false},"excerpt":{"rendered":"<p>Miles de personas reunidas con variados reclamos BUENOS AIRES, Aug 17 ANSA &#8211;\u00a0Miles de personas se concentraron hoy en Buenos Aires y en las principales&hellip;<\/p>\n","protected":false},"author":99,"featured_media":0,"comment_status":"open","ping_status":"open","sticky":false,"template":"","format":"standard","meta":{"footnotes":""},"categories":[23],"tags":[],"class_list":["post-493456","post","type-post","status-publish","format-standard","hentry","category-latinoamerica"],"_links":{"self":[{"href":"https:\/\/diarioelpopular.com\/index.php\/wp-json\/wp\/v2\/posts\/493456","targetHints":{"allow":["GET"]}}],"collection":[{"href":"https:\/\/diarioelpopular.com\/index.php\/wp-json\/wp\/v2\/posts"}],"about":[{"href":"https:\/\/diarioelpopular.com\/index.php\/wp-json\/wp\/v2\/types\/post"}],"author":[{"embeddable":true,"href":"https:\/\/diarioelpopular.com\/index.php\/wp-json\/wp\/v2\/users\/99"}],"replies":[{"embeddable":true,"href":"https:\/\/diarioelpopular.com\/index.php\/wp-json\/wp\/v2\/comments?post=493456"}],"version-history":[{"count":1,"href":"https:\/\/diarioelpopular.com\/index.php\/wp-json\/wp\/v2\/posts\/493456\/revisions"}],"predecessor-version":[{"id":493459,"href":"https:\/\/diarioelpopular.com\/index.php\/wp-json\/wp\/v2\/posts\/493456\/revisions\/493459"}],"wp:attachment":[{"href":"https:\/\/diarioelpopular.com\/index.php\/wp-json\/wp\/v2\/media?parent=493456"}],"wp:term":[{"taxonomy":"category","embeddable":true,"href":"https:\/\/diarioelpopular.com\/index.php\/wp-json\/wp\/v2\/categories?post=493456"},{"taxonomy":"post_tag","embeddable":true,"href":"https:\/\/diarioelpopular.com\/index.php\/wp-json\/wp\/v2\/tags?post=493456"}],"curies":[{"name":"wp","href":"https:\/\/api.w.org\/{rel}","templated":true}]}}