{"id":493467,"date":"2020-08-18T22:23:59","date_gmt":"2020-08-19T02:23:59","guid":{"rendered":"https:\/\/diarioelpopular.com\/?p=493467"},"modified":"2020-08-18T22:23:59","modified_gmt":"2020-08-19T02:23:59","slug":"rafael-correa-se-postula-para-2021","status":"publish","type":"post","link":"https:\/\/diarioelpopular.com\/index.php\/2020\/08\/18\/rafael-correa-se-postula-para-2021\/","title":{"rendered":"Rafael Correa se postula para 2021"},"content":{"rendered":"<div id=\"attachment_493468\" style=\"width: 310px\" class=\"wp-caption alignnone\"><img loading=\"lazy\" decoding=\"async\" aria-describedby=\"caption-attachment-493468\" class=\"size-medium wp-image-493468\" src=\"https:\/\/diarioelpopular.com\/wp-content\/uploads\/2020\/08\/333dfbbb98cf2c85f807cec9ab99d0cf-300x200.jpg\" alt=\"\" width=\"300\" height=\"200\" \/><p id=\"caption-attachment-493468\" class=\"wp-caption-text\"><em>Rafael Correa.<\/em><\/p><\/div>\n<h4><em><strong>Desde el exilio y en un binomio como candidato a vicepresidente<\/strong><\/em><\/h4>\n<p><em><strong>QUITO, 18 AGO &#8211;<\/strong><\/em> El expresidente ecuatoriano Rafael Correa anunci\u00f3 hoy formalmente desde su exilio en B\u00e9lgica su<br \/>\ncandidatura para las elecciones presidenciales que se\u00a0desarrollar\u00e1n en el pa\u00eds sudamericano en febrero de 2021.<br \/>\nEn una videconferencia Correa explic\u00f3 que formar\u00e1 parte como candidato de un binomio de la coalici\u00f3n Uni\u00f3n para la Esperanza\u00a0(UNES); del cual ser\u00e1 el postulante a presidente Andr\u00e9s Arauz.<br \/>\n&#8220;Aqu\u00ed estamos &#8211; dijo el exjefe de Estado &#8211; a pesar de\u00a0todos los traicioneros intentos de impedir nuestra\u00a0participaci\u00f3n. Estamos aqu\u00ed superando todos los obst\u00e1culos que\u00a0la soberbia y la mala fe nos han puesto ante nosotros para\u00a0impedir nuestro registro&#8221;.<br \/>\nCorrea, quien vive en B\u00e9lgica pr\u00f3fugo de la justicia de su pa\u00eds tras dejar el poder en 2017, es economista, de 57 a\u00f1os y<br \/>\nfue elegido presidente en tres ocasiones.\u00a0El exmandatario tiene prohibido presentarse a las\u00a0presidenciales debido a que la Constituci\u00f3n impide la reelecci\u00f3n\u00a0m\u00e1s de una vez tras ser reformada por iniciativa de su sucesor y\u00a0ex aliado, Len\u00edn Moreno.<br \/>\nEn tanto el candidato a presidente, Arauz, es un economista\u00a0de 35 a\u00f1os, que fue ministro coordinador de Conocimiento y de\u00a0Talentos Humanos, ministro de cultura y director del banco\u00a0Central de Ecuador entre 2009 y 2011.<br \/>\n&#8220;Creemos en la juventud y trabajamos con su ayuda para su\u00a0bienestar. Andr\u00e9s Araua -dijo Correa- ser\u00e1 el presidente m\u00e1s<br \/>\njoven de la historia. Est\u00e1 preparado y tiene toda la capacidad\u00a0para hacer este desaf\u00edo. Cuenta conmigo, dondequiera que yo me\u00a0encuentre!&#8221;.<br \/>\nLa ley ecuatoriana prev\u00e9 que el candidato a la\u00a0vicepresidencia se presente f\u00edsicamente frente a las autoridades\u00a0electorales para firmar los documentos de su candidatura. Si lo\u00a0hiciese, Correa corre el riesgo de ser arrestado por una condena\u00a0de ocho a\u00f1os por una causa de sobornos para financiar su\u00a0anterior partido, y tambi\u00e9n una orden de prisi\u00f3n preventiva por<br \/>\nun proceso vinculado a una acusaci\u00f3n de secuestro de un\u00a0exponente opositor de su gobierno, Fernando Balda.<\/p>\n","protected":false},"excerpt":{"rendered":"<p>Desde el exilio y en un binomio como candidato a vicepresidente QUITO, 18 AGO &#8211; El expresidente ecuatoriano Rafael Correa anunci\u00f3 hoy formalmente desde su&hellip;<\/p>\n","protected":false},"author":99,"featured_media":0,"comment_status":"open","ping_status":"open","sticky":false,"template":"","format":"standard","meta":{"footnotes":""},"categories":[23],"tags":[],"class_list":["post-493467","post","type-post","status-publish","format-standard","hentry","category-latinoamerica"],"_links":{"self":[{"href":"https:\/\/diarioelpopular.com\/index.php\/wp-json\/wp\/v2\/posts\/493467","targetHints":{"allow":["GET"]}}],"collection":[{"href":"https:\/\/diarioelpopular.com\/index.php\/wp-json\/wp\/v2\/posts"}],"about":[{"href":"https:\/\/diarioelpopular.com\/index.php\/wp-json\/wp\/v2\/types\/post"}],"author":[{"embeddable":true,"href":"https:\/\/diarioelpopular.com\/index.php\/wp-json\/wp\/v2\/users\/99"}],"replies":[{"embeddable":true,"href":"https:\/\/diarioelpopular.com\/index.php\/wp-json\/wp\/v2\/comments?post=493467"}],"version-history":[{"count":1,"href":"https:\/\/diarioelpopular.com\/index.php\/wp-json\/wp\/v2\/posts\/493467\/revisions"}],"predecessor-version":[{"id":493469,"href":"https:\/\/diarioelpopular.com\/index.php\/wp-json\/wp\/v2\/posts\/493467\/revisions\/493469"}],"wp:attachment":[{"href":"https:\/\/diarioelpopular.com\/index.php\/wp-json\/wp\/v2\/media?parent=493467"}],"wp:term":[{"taxonomy":"category","embeddable":true,"href":"https:\/\/diarioelpopular.com\/index.php\/wp-json\/wp\/v2\/categories?post=493467"},{"taxonomy":"post_tag","embeddable":true,"href":"https:\/\/diarioelpopular.com\/index.php\/wp-json\/wp\/v2\/tags?post=493467"}],"curies":[{"name":"wp","href":"https:\/\/api.w.org\/{rel}","templated":true}]}}