{"id":493479,"date":"2020-08-19T17:23:38","date_gmt":"2020-08-19T21:23:38","guid":{"rendered":"https:\/\/diarioelpopular.com\/?p=493479"},"modified":"2020-08-19T17:23:38","modified_gmt":"2020-08-19T21:23:38","slug":"brasil-supero-110-mil-muertos-en-5-meses","status":"publish","type":"post","link":"https:\/\/diarioelpopular.com\/index.php\/2020\/08\/19\/brasil-supero-110-mil-muertos-en-5-meses\/","title":{"rendered":"Brasil super\u00f3 110 mil muertos en 5 meses"},"content":{"rendered":"<div id=\"attachment_493480\" style=\"width: 310px\" class=\"wp-caption alignnone\"><img loading=\"lazy\" decoding=\"async\" aria-describedby=\"caption-attachment-493480\" class=\"size-medium wp-image-493480\" src=\"https:\/\/diarioelpopular.com\/wp-content\/uploads\/2020\/08\/68793c1294c03dec754654fc25abd2b1-300x207.jpg\" alt=\"\" width=\"300\" height=\"207\" \/><p id=\"caption-attachment-493480\" class=\"wp-caption-text\"><em>Un hombre camina entre las tumbas del cementerio Nossa Senhora Aparecida, en Manaos, Brasil.<\/em><\/p><\/div>\n<h4><em><strong>Registr\u00f3 10 mil fallecimientos en \u00faltimos 10 d\u00edas<\/strong><\/em><\/h4>\n<p><em><strong>BRASILIA, 19 AGO &#8211;<\/strong><\/em>Brasil super\u00f3 los 110 mil fallecimientos causados por el coronavirus, cinco meses despu\u00e9s del primer fallecimiento ocurrido en San Pablo, el estado m\u00e1s castigado por la pandemia.<br \/>\nEl sitio de noticias G1 inform\u00f3 hoy a las 8 horas (11 GMT) que la cifra de v\u00edctimas fatales lleg\u00f3 a 110.037 en el \u00faltimo informe elaborado con datos de las secretar\u00edas de Salud de los 27 estados de la Uni\u00f3n.<br \/>\nDe este modo Brasil super\u00f3 las 110 mil v\u00edctimas cinco meses despu\u00e9s del primer fallecimiento ocurrido el 17 de marzo en San Pablo, y diez d\u00edas despu\u00e9s de que el pa\u00eds alcanz\u00f3 la marca de las 100 mil v\u00edctimas fatales.<br \/>\nEl presidente, Jair Bolsonaro, que contrajo el virus en julio, no decret\u00f3 luto por los 100 mil decesos a diferencia del Congreso y el Supremo Tribunal Federal que declararon duelo oficial.<br \/>\nEl presidente dijo que si la poblaci\u00f3n hubiera consumido masivamente hidroxicloroquina Brasil no habr\u00eda llegado a los 100 mil muertos, aunque ese f\u00e1rmaco no es recomendado por la Organizaci\u00f3n Mundial de la Salud. Brasil es el segundo pa\u00eds en el ranking mundial de muertos e infectados por al Sars-CoV-2 elaborado por la Universidad Johns Hopkins, de Estados Unidos.<br \/>\nEn el mismo reporte divulgado hoy por G1 con datos de las gobernaciones se consign\u00f3 que subi\u00f3 a 3.413.392 la cifra de infectados por el Covid-19 acumulados desde fines de febrero cuando se report\u00f3 el primer caso en San Pablo.<\/p>\n","protected":false},"excerpt":{"rendered":"<p>Registr\u00f3 10 mil fallecimientos en \u00faltimos 10 d\u00edas BRASILIA, 19 AGO &#8211;Brasil super\u00f3 los 110 mil fallecimientos causados por el coronavirus, cinco meses despu\u00e9s del&hellip;<\/p>\n","protected":false},"author":99,"featured_media":0,"comment_status":"open","ping_status":"open","sticky":false,"template":"","format":"standard","meta":{"footnotes":""},"categories":[23],"tags":[],"class_list":["post-493479","post","type-post","status-publish","format-standard","hentry","category-latinoamerica"],"_links":{"self":[{"href":"https:\/\/diarioelpopular.com\/index.php\/wp-json\/wp\/v2\/posts\/493479","targetHints":{"allow":["GET"]}}],"collection":[{"href":"https:\/\/diarioelpopular.com\/index.php\/wp-json\/wp\/v2\/posts"}],"about":[{"href":"https:\/\/diarioelpopular.com\/index.php\/wp-json\/wp\/v2\/types\/post"}],"author":[{"embeddable":true,"href":"https:\/\/diarioelpopular.com\/index.php\/wp-json\/wp\/v2\/users\/99"}],"replies":[{"embeddable":true,"href":"https:\/\/diarioelpopular.com\/index.php\/wp-json\/wp\/v2\/comments?post=493479"}],"version-history":[{"count":1,"href":"https:\/\/diarioelpopular.com\/index.php\/wp-json\/wp\/v2\/posts\/493479\/revisions"}],"predecessor-version":[{"id":493481,"href":"https:\/\/diarioelpopular.com\/index.php\/wp-json\/wp\/v2\/posts\/493479\/revisions\/493481"}],"wp:attachment":[{"href":"https:\/\/diarioelpopular.com\/index.php\/wp-json\/wp\/v2\/media?parent=493479"}],"wp:term":[{"taxonomy":"category","embeddable":true,"href":"https:\/\/diarioelpopular.com\/index.php\/wp-json\/wp\/v2\/categories?post=493479"},{"taxonomy":"post_tag","embeddable":true,"href":"https:\/\/diarioelpopular.com\/index.php\/wp-json\/wp\/v2\/tags?post=493479"}],"curies":[{"name":"wp","href":"https:\/\/api.w.org\/{rel}","templated":true}]}}