{"id":493492,"date":"2020-08-20T12:47:26","date_gmt":"2020-08-20T16:47:26","guid":{"rendered":"https:\/\/diarioelpopular.com\/?p=493492"},"modified":"2020-08-20T12:47:26","modified_gmt":"2020-08-20T16:47:26","slug":"tres-exjefes-de-estado-acusados-de-corrupcion","status":"publish","type":"post","link":"https:\/\/diarioelpopular.com\/index.php\/2020\/08\/20\/tres-exjefes-de-estado-acusados-de-corrupcion\/","title":{"rendered":"Tres exjefes de Estado acusados de corrupci\u00f3n"},"content":{"rendered":"<div id=\"attachment_493493\" style=\"width: 279px\" class=\"wp-caption alignnone\"><img loading=\"lazy\" decoding=\"async\" aria-describedby=\"caption-attachment-493493\" class=\"size-medium wp-image-493493\" src=\"https:\/\/diarioelpopular.com\/wp-content\/uploads\/2020\/08\/d84d85d49e7ac0fcbe81d4133d568afe-1-269x300.jpg\" alt=\"\" width=\"269\" height=\"300\" \/><p id=\"caption-attachment-493493\" class=\"wp-caption-text\"><em>Expresidentes de M\u00e9xico Felipe Calder\u00f3n y Enrique Pe\u00f1a Nieto involucrados en caso Odebrecht.<\/em><br \/><em>(foto: ANSA)<\/em><\/p><\/div>\n<h4><em><strong>Ex director Pemex involucra a dos ex candidatos presidenciales<\/strong><\/em><\/h4>\n<p><em><strong>CIUDAD DE MEXICO, 20 AGO &#8211;<\/strong> <\/em>Tres ex jefes de Estado, dos excandidatos presidenciales, tres exministros de Finanzas y dos gobernadores, que antes fueron diputados, figuran &#8220;en la lista de acusados del exdirector de la petrolera gubernamental Pemex, Emilio Lozoya, en el marco del esc\u00e1ndalo Odebrecht.<br \/>\nLa filtraci\u00f3n a trav\u00e9s de las redes sociales del texto de la denuncia penal ante la Fiscal\u00eda General de la Rep\u00fablica (FGR) permiti\u00f3 a los mexicanos enterarse que protagonistas de primera fila de la escena pol\u00edtica de los \u00faltimos 35 a\u00f1os se habr\u00edan ensuciado con los sobornos de la constructora brasile\u00f1a.<br \/>\nEl esc\u00e1ndalo del gigante brasile\u00f1o lleg\u00f3 a M\u00e9xico, el \u00fanico pa\u00eds junto con Venezuela, donde no hab\u00eda alcanzado la justicia a ninguno de sus involucrados, m\u00e1s tarde que en otras naciones de Am\u00e9rica Latina.<br \/>\nSin embargo, arrib\u00f3 justo a tiempo para las elecciones intermedias del 2021, donde se renovar\u00e1 parcialmente el Congreso federal.<br \/>\nEn el prontuario de Lozoya, detenido en Palma de Mallorca en febrero y extraditado en julio a M\u00e9xico, no se deja, como dice el dicho popular, &#8220;t\u00edtere con cabeza&#8221;.<br \/>\nEntre otras cosas, el ex funcionario acus\u00f3 al expresidente Enrique Pe\u00f1a (2012-2018) y su canciller Luis Videgaray, de ser &#8220;cabezas de las operaciones de corrupci\u00f3n&#8221; de Odebrecht, se implement\u00f3 &#8220;un aparato organizado de poder&#8221;.<br \/>\nEste entramado articulado &#8220;desde las m\u00e1s altas esferas del r\u00e9gimen&#8221; someti\u00f3 al Estado mexicano a &#8220;personas y grupos, nacionales y extranjeros&#8221;, para &#8220;obtener beneficios que afectan la soberan\u00eda de M\u00e9xico&#8221;, se\u00f1al\u00f3 seg\u00fan el documento.<br \/>\nLa FGR sali\u00f3 a aclarar que el expediente de la acusaci\u00f3n del exdirector de Petr\u00f3leos Mexicanos (Pemex) no fue entregado por la instituci\u00f3n, por lo que anunci\u00f3 que abrir\u00eda una investigaci\u00f3n para determinar qui\u00e9n lo filtr\u00f3 a las redes sociales.<br \/>\nOtros de los involucrados en el esc\u00e1ndalo son los expresidentes Felipe Calder\u00f3n (2006-2012) y Carlos Salinas (1994-2000), as\u00ed como los excandidatos que compitieron por la presidencia contra el actual mandatario Andr\u00e9s Manuel L\u00f3pez Obrador, Ricardo Anaya y Jos\u00e9 Antonio Meade.<br \/>\nTambi\u00e9n se menciona a los ex gobernadores de Quer\u00e9taro (centro), Francisco Dom\u00ednguez y del estado norte\u00f1o de Tamaulipas, Francisco Garc\u00eda Cabeza de Vaca.<br \/>\nVarios de los involucrados rechazaron las acusaciones de Lozoya, convertido en testigo protegido de la fiscal\u00eda.<br \/>\nAnaya, que en una encuesta reciente aparec\u00eda como una de las figuras con m\u00e1s posibilidades de la oposici\u00f3n para volver a disputar la presidencia, reaccion\u00f3 en un video por Internet en el cual declar\u00f3 que &#8220;no existe sustento alguno&#8221; en las acusaciones de Lozoya y anunci\u00f3 que lo demandar\u00e1 por &#8220;da\u00f1o moral&#8221;.<br \/>\nCalder\u00f3n a su vez dijo ser &#8220;un instrumento de venganza y persecuci\u00f3n pol\u00edtica&#8221;, mientras que Dom\u00ednguez afirm\u00f3 que las acusaciones de Lozoya son &#8220;de una bajeza inaudita&#8221; y conllevan una &#8220;intenci\u00f3n pol\u00edtica&#8221;.<br \/>\nSeg\u00fan Lozoya, los directivos de Odebrecht le entregaron 10,5 millones de d\u00f3lares, distribuidos en tres entregas.<br \/>\nLa primera de ellas, por 3,1 millones, sirvi\u00f3 para financiar la campa\u00f1a electoral de Pe\u00f1a Nieto, mediante el pago de &#8220;consultores electorales&#8221; y el resto para sobornar, por \u00f3rdenes de Pe\u00f1a y Videgaray, a un grupo de senadores del Partido Acci\u00f3n Nacional (PAN, derecha).<br \/>\nEntre este grupo figuraban los dos Franciscos que se convertir\u00edan en gobernadores y el candidato presidencial Anaya.<br \/>\nTambi\u00e9n se menciona a altas figuras del entonces gobernante Partido Revolucionario Institucional (PRI, centro), entre ellas el ex candidato presidencial Jos\u00e9 Antonio Meade, el ex ministro de Hacienda y ex director de Pemex, Jos\u00e9 Antonio Gonz\u00e1lez.<br \/>\nAl ex presidente Carlos Salinas, a quien L\u00f3pez Obrador ha acusado de ser el &#8220;jefe de la mafia del poder&#8221;, se acusa de gestionar contratos a favor de su hijo Emiliano, y se le se\u00f1ala como &#8220;comisionista y cabildero&#8221; del PAN.<br \/>\nApenas este fin de semana se divulg\u00f3 un video en el que aparecen dos asistentes legislativos, uno de ellos cercanos al gobernador de Quer\u00e9taro, recibiendo bolsas llenas de dinero en 2014, para favorecer la aprobaci\u00f3n de una reforma energ\u00e9tica que benefici\u00f3 a Odebrecht.<br \/>\nAnalistas consideran que se &#8220;abri\u00f3 la caja de Pandora&#8221;, que podr\u00eda conducir a un &#8220;maxiproceso&#8221; en el cual ser\u00edan enjuiciadas altas figuras de la clase pol\u00edtica que gobern\u00f3 a M\u00e9xico hasta 2018, pero advirtieron que el tema podr\u00eda ser usado con fines pol\u00edtico-electorales.<\/p>\n","protected":false},"excerpt":{"rendered":"<p>Ex director Pemex involucra a dos ex candidatos presidenciales CIUDAD DE MEXICO, 20 AGO &#8211; Tres ex jefes de Estado, dos excandidatos presidenciales, tres exministros&hellip;<\/p>\n","protected":false},"author":99,"featured_media":0,"comment_status":"open","ping_status":"open","sticky":false,"template":"","format":"standard","meta":{"footnotes":""},"categories":[23],"tags":[],"class_list":["post-493492","post","type-post","status-publish","format-standard","hentry","category-latinoamerica"],"_links":{"self":[{"href":"https:\/\/diarioelpopular.com\/index.php\/wp-json\/wp\/v2\/posts\/493492","targetHints":{"allow":["GET"]}}],"collection":[{"href":"https:\/\/diarioelpopular.com\/index.php\/wp-json\/wp\/v2\/posts"}],"about":[{"href":"https:\/\/diarioelpopular.com\/index.php\/wp-json\/wp\/v2\/types\/post"}],"author":[{"embeddable":true,"href":"https:\/\/diarioelpopular.com\/index.php\/wp-json\/wp\/v2\/users\/99"}],"replies":[{"embeddable":true,"href":"https:\/\/diarioelpopular.com\/index.php\/wp-json\/wp\/v2\/comments?post=493492"}],"version-history":[{"count":1,"href":"https:\/\/diarioelpopular.com\/index.php\/wp-json\/wp\/v2\/posts\/493492\/revisions"}],"predecessor-version":[{"id":493494,"href":"https:\/\/diarioelpopular.com\/index.php\/wp-json\/wp\/v2\/posts\/493492\/revisions\/493494"}],"wp:attachment":[{"href":"https:\/\/diarioelpopular.com\/index.php\/wp-json\/wp\/v2\/media?parent=493492"}],"wp:term":[{"taxonomy":"category","embeddable":true,"href":"https:\/\/diarioelpopular.com\/index.php\/wp-json\/wp\/v2\/categories?post=493492"},{"taxonomy":"post_tag","embeddable":true,"href":"https:\/\/diarioelpopular.com\/index.php\/wp-json\/wp\/v2\/tags?post=493492"}],"curies":[{"name":"wp","href":"https:\/\/api.w.org\/{rel}","templated":true}]}}