{"id":493530,"date":"2020-08-24T13:20:32","date_gmt":"2020-08-24T17:20:32","guid":{"rendered":"https:\/\/diarioelpopular.com\/?p=493530"},"modified":"2020-08-24T13:20:32","modified_gmt":"2020-08-24T17:20:32","slug":"chile-necesita-una-constitucion-que-nos-una","status":"publish","type":"post","link":"https:\/\/diarioelpopular.com\/index.php\/2020\/08\/24\/chile-necesita-una-constitucion-que-nos-una\/","title":{"rendered":"&#8220;Chile necesita una Constituci\u00f3n que nos una&#8221;"},"content":{"rendered":"<div id=\"attachment_493531\" style=\"width: 310px\" class=\"wp-caption alignnone\"><img loading=\"lazy\" decoding=\"async\" aria-describedby=\"caption-attachment-493531\" class=\"size-medium wp-image-493531\" src=\"https:\/\/diarioelpopular.com\/wp-content\/uploads\/2020\/08\/07f36d3b56c49b68f7e9cbbf4a4ce43c-1-300x200.jpg\" alt=\"\" width=\"300\" height=\"200\" \/><p id=\"caption-attachment-493531\" class=\"wp-caption-text\"><em>Presidente chileno, Sebasti\u00e1n Pi\u00f1era.<\/em><\/p><\/div>\n<h4><em><strong>Pi\u00f1era defiende Apruebo y Rechazo, a dos meses del Plebiscito<\/strong><\/em><\/h4>\n<p><em><strong>SANTIAGO DEL CHILE, 24 AGO &#8211;<\/strong><\/em> El presidente chileno, Sebasti\u00e1n Pi\u00f1era, sostuvo que gane el &#8220;Apruebo o Rechazo&#8221; en el Plebiscito del 25 de octubre el pa\u00eds &#8220;necesita lograr un acuerdo que nos d\u00e9 una Constituci\u00f3n que nos una&#8221;.<br \/>\nEn una larga entrevista con La Tercera a\u00f1adi\u00f3 que la nueva carta fundamental debe dar &#8220;un marco de unidad, de estabilidad para poder enfrentar y procesar las leg\u00edtimas y necesarias diferencias que tienen que existir en una sociedad libre y democr\u00e1tica como la nuestra.<br \/>\nEsta semana, el mandatario exigi\u00f3 prescindencia a los ministros en el marco del debate constitucional, lo que caus\u00f3 molestia en el oficialismo. Pi\u00f1era explic\u00f3 que &#8220;el gobierno tiene un mandato constitucional que es trabajar seria y eficazmente para tener un plebiscito informado, transparente, participativo y seguro&#8221;.<br \/>\n&#8220;Lo m\u00e1s importante para m\u00ed no son los caminos, los dos son leg\u00edtimos, los dos son v\u00e1lidos, y estoy plenamente consciente que al interior de Chile Vamos hay posiciones en favor de ambas alternativas&#8221; dijo el mandatario, para luego asegurar que \u00e9l est\u00e1 comprometido con &#8220;asegurar un plebiscito transparente, participativo, seguro y, por supuesto, informado, que la gente sepa lo que est\u00e1 votando.<br \/>\nA\u00f1adi\u00f3 que m\u00e1s all\u00e1 de las dos opciones, \u00e9l aspira a &#8220;una Constituci\u00f3n que reconozca y proteja en forma eficaz derechos fundamentales de los chilenos, como el derecho a la vida, a la libertad, a la igualdad de oportunidades; que el Estado se comprometa con la protecci\u00f3n de la familia, con proteger el derecho y deber preferente de los padres en la formaci\u00f3n y educaci\u00f3n de sus hijos, que hoy est\u00e1 muy discutido&#8221;.<br \/>\nQue reconozca tambi\u00e9n &#8220;la autonom\u00eda e independencia de los organismos intermedios de la sociedad civil, que defienda el derecho de propiedad, el derecho a emprender, los derechos pol\u00edticos y econ\u00f3micos, sociales y culturales de las personas y que reconozca desde el primer minuto que el Estado est\u00e1 al servicio del bien com\u00fan y al servicio de las personas y no al rev\u00e9s&#8221;.<br \/>\nEnfatiz\u00f3 asimismo que &#8220;establezca con meridiana claridad la separaci\u00f3n y la autonom\u00eda de los poderes del Estado, porque en muchos pa\u00edses est\u00e1 en riesgo la separaci\u00f3n y autonom\u00eda de los poderes del Estado, que reconozca que hay ciertos organismos e instituciones que tambi\u00e9n necesitan autonom\u00eda e independencia, como la Contralor\u00eda, el Tribunal Constitucional, el Consejo de Defensa del Estado, el Banco Central, los tribunales electorales, el Ministerio P\u00fablico&#8221;.<br \/>\n&#8220;Finalmente, quisiera que la Constituci\u00f3n tenga un firme y claro compromiso con la descentralizaci\u00f3n del pa\u00eds, con la protecci\u00f3n del medioambiente y la naturaleza y con el reconocimiento de nuestros pueblos originarios y con una responsabilidad fiscal y macroecon\u00f3mica para enfrentar estas olas de demagogia y populismo que est\u00e1n asolando al mundo entero&#8221;.<br \/>\nAclar\u00f3 que de ganar el Rechazo a una nueva Constituci\u00f3n su gobierno tiene el compromiso &#8220;total y absoluto&#8221; de &#8220;otorgarle al Congreso que vamos a elegir el pr\u00f3ximo a\u00f1o, este mandato especial de perfeccionar, modernizar nuestra Constituci\u00f3n&#8221;.<br \/>\nNo obstante, indic\u00f3 que &#8220;no da lo mismo&#8221; que gane el Apruebo o el Rechazo, ya que &#8220;son caminos que tienen ventajas y desventajas&#8221;.<br \/>\nPi\u00f1era descart\u00f3 que el Plebiscito termine en un refer\u00e9ndum sobre la gesti\u00f3n de su gobierno, pues para ello existen las elecciones presidenciales &#8220;y eso va a ocurrir el pr\u00f3ximo a\u00f1o&#8221; e insisti\u00f3 en que en la coalici\u00f3n de gobierno existe un acuerdo hacia &#8220;qu\u00e9 puerto de destino queremos llegar&#8221;. Pero s\u00ed cuestion\u00f3 a la oposici\u00f3n que levanta el camino de la hoja en blanco.<br \/>\n&#8220;No es el mejor camino para Chile. Cada vez que se ha partido con hojas en blanco, se transita en caminos donde hay demasiados riesgos e incertidumbre\u2026 pienso que la Constituci\u00f3n requiere cambios y perfeccionamientos, algunos muy profundos. En nuestro programa de gobierno est\u00e1 ese compromiso. No creo que el camino sea el de renegar de todo lo que hemos hecho&#8221;, complet\u00f3.<\/p>\n","protected":false},"excerpt":{"rendered":"<p>Pi\u00f1era defiende Apruebo y Rechazo, a dos meses del Plebiscito SANTIAGO DEL CHILE, 24 AGO &#8211; El presidente chileno, Sebasti\u00e1n Pi\u00f1era, sostuvo que gane el&hellip;<\/p>\n","protected":false},"author":99,"featured_media":0,"comment_status":"open","ping_status":"open","sticky":false,"template":"","format":"standard","meta":{"footnotes":""},"categories":[23],"tags":[],"class_list":["post-493530","post","type-post","status-publish","format-standard","hentry","category-latinoamerica"],"_links":{"self":[{"href":"https:\/\/diarioelpopular.com\/index.php\/wp-json\/wp\/v2\/posts\/493530","targetHints":{"allow":["GET"]}}],"collection":[{"href":"https:\/\/diarioelpopular.com\/index.php\/wp-json\/wp\/v2\/posts"}],"about":[{"href":"https:\/\/diarioelpopular.com\/index.php\/wp-json\/wp\/v2\/types\/post"}],"author":[{"embeddable":true,"href":"https:\/\/diarioelpopular.com\/index.php\/wp-json\/wp\/v2\/users\/99"}],"replies":[{"embeddable":true,"href":"https:\/\/diarioelpopular.com\/index.php\/wp-json\/wp\/v2\/comments?post=493530"}],"version-history":[{"count":1,"href":"https:\/\/diarioelpopular.com\/index.php\/wp-json\/wp\/v2\/posts\/493530\/revisions"}],"predecessor-version":[{"id":493532,"href":"https:\/\/diarioelpopular.com\/index.php\/wp-json\/wp\/v2\/posts\/493530\/revisions\/493532"}],"wp:attachment":[{"href":"https:\/\/diarioelpopular.com\/index.php\/wp-json\/wp\/v2\/media?parent=493530"}],"wp:term":[{"taxonomy":"category","embeddable":true,"href":"https:\/\/diarioelpopular.com\/index.php\/wp-json\/wp\/v2\/categories?post=493530"},{"taxonomy":"post_tag","embeddable":true,"href":"https:\/\/diarioelpopular.com\/index.php\/wp-json\/wp\/v2\/tags?post=493530"}],"curies":[{"name":"wp","href":"https:\/\/api.w.org\/{rel}","templated":true}]}}