{"id":493543,"date":"2020-08-26T10:43:13","date_gmt":"2020-08-26T14:43:13","guid":{"rendered":"https:\/\/diarioelpopular.com\/?p=493543"},"modified":"2020-08-26T10:43:13","modified_gmt":"2020-08-26T14:43:13","slug":"obrador-rechaza-manipulacion-de-cifras","status":"publish","type":"post","link":"https:\/\/diarioelpopular.com\/index.php\/2020\/08\/26\/obrador-rechaza-manipulacion-de-cifras\/","title":{"rendered":"Obrador rechaza manipulaci\u00f3n de cifras"},"content":{"rendered":"<div id=\"attachment_493544\" style=\"width: 310px\" class=\"wp-caption alignnone\"><img loading=\"lazy\" decoding=\"async\" aria-describedby=\"caption-attachment-493544\" class=\"size-medium wp-image-493544\" src=\"https:\/\/diarioelpopular.com\/wp-content\/uploads\/2020\/08\/a4d1e6db55c1462b52332e44eb60881a-300x211.jpg\" alt=\"\" width=\"300\" height=\"211\" \/><p id=\"caption-attachment-493544\" class=\"wp-caption-text\"><em>Presidente de M\u00e9xico, Andr\u00e9s L\u00f3pez Obrador, rechaza manipulaci\u00f3n de cifras (foto: EPA)<\/em><\/p><\/div>\n<h4><em><strong>&#8220;Los muertos no se pueden ocultar&#8221;,se\u00f1al\u00f3 el mandatario mexicano<\/strong><\/em><\/h4>\n<p><em><strong>CIUDAD DE MEXICO, 26 AGO &#8211;<\/strong><\/em> El presidente de M\u00e9xico, Andr\u00e9s L\u00f3pez Obrador, asediado por\u00a0acusaciones de opositores y algunos especialistas sobre una\u00a0supuesta manipulaci\u00f3n de las cifras de la pandemia, rechaz\u00f3\u00a0estos argumentos se\u00f1alando que &#8220;los muertos no se pueden\u00a0ocultar&#8221;.<br \/>\nM\u00e9xico, tercer pa\u00eds con mayor mortalidad en el mundo en\u00a0t\u00e9rminos absolutos, contabiliza m\u00e1s de 60 mil fallecimientos por<br \/>\nCovid-19 y alcanza los 563 mil 705 contagios, con apenas 1,2\u00a0millones de pruebas realizadas, una de las cifras m\u00e1s bajas del<br \/>\nmundo.<br \/>\n&#8220;C\u00f3mo vamos a manipular (.) no se pueden ocultar los\u00a0fallecidos. No es nada m\u00e1s medir con el n\u00famero de pruebas o el<br \/>\nn\u00famero de contagios. El dato m\u00e1s duro y lamentable es el n\u00famero\u00a0de muertos&#8221;, afirm\u00f3.<br \/>\nL\u00f3pez Obrador se\u00f1al\u00f3 en su conferencia de prensa matutina\u00a0diaria que &#8220;aunque es de mal gusto hacer comparaciones, en<br \/>\nM\u00e9xico hay menos fallecidos por poblaci\u00f3n que otros pa\u00edses como\u00a0Estados Unidos, Brasil y Espa\u00f1a&#8221;.<br \/>\nSin embargo, admiti\u00f3 que la obesidad y diabetes que afectan\u00a0a M\u00e9xico, uno de los pa\u00edses con mayores niveles de consumo de\u00a0az\u00facar, pesaron mucho en esta pandemia.<br \/>\nEspecialistas consideran que el gobierno podr\u00eda enfrentar\u00a0las consecuencias de no haber actuado con mejor efectividad en<br \/>\nel combate a la peste no s\u00f3lo en las elecciones intermedias del\u00a0a\u00f1o pr\u00f3ximo, cuando los votantes podr\u00edan pasarles una costosa\u00a0factura, sino tambi\u00e9n en los tribunales.<br \/>\n&#8220;Eventualmente habr\u00e1 demandas por lesiones y homicidios\u00a0contra el Estado mexicano y servidores p\u00fablicos por conductas<br \/>\npresuntamente negligentes&#8221;, se\u00f1al\u00f3 el analista Javier Tejado.<br \/>\nEl Instituto de Medici\u00f3n y Evaluaci\u00f3n de la Salud de la\u00a0Universidad de Washington (IHME, siglas en ingl\u00e9s), pronostic\u00f3<br \/>\nque M\u00e9xico podr\u00eda registrar para noviembre pr\u00f3ximo 103.000\u00a0muertes y llegar a 130.000 al t\u00e9rmino de la pandemia.<br \/>\n&#8220;Habr\u00e1 quien intente armar un caso de lesa humanidad, mismo\u00a0que se trata de un delito inhumano de ataque generalizado a la\u00a0poblaci\u00f3n civil para aplicar ciertas pol\u00edticas p\u00fablicas&#8221;, se\u00f1al\u00f3\u00a0Tejado.<br \/>\n&#8220;Este tipo de delito no prescribe y M\u00e9xico firm\u00f3 los\u00a0acuerdos ante la Corte Penal Internacional, para ser investigado<br \/>\npor este tipo de cr\u00edmenes&#8221;, indic\u00f3.<br \/>\nLas principales fallas de la estrategia de la autoridad\u00a0sanitaria se enfocan en la negativa a declarar obligatorio el<br \/>\nuso generalizado de barbijos, algo que ni siquiera usan en\u00a0p\u00fablico el presidente Andr\u00e9s L\u00f3pez Obrador ni el zar<br \/>\nantipandemia, Hugo L\u00f3pez-Gatell.<br \/>\nAdem\u00e1s, se cuestiona la falta de ex\u00e1menes de diagn\u00f3stico (se\u00a0realizan 0,3 por cada 100.000 habitantes) y el desmantelamiento\u00a0de la infraestructura hospitalaria p\u00fablica existente, que seg\u00fan\u00a0especialistas comenz\u00f3 en pasadas administraciones, como las\u00a0causas de que los contagios y muertes se hayan disparado.<br \/>\nL\u00f3pez-Gatell declar\u00f3 en junio pasado que el escenario\u00a0catastr\u00f3fico de M\u00e9xico ser\u00eda llegar a las 60.000 muertes, pero<br \/>\nla cifra fue rebasada esta semana.<br \/>\nDiversas voces del espectro pol\u00edtico y del sector acad\u00e9mico\u00a0presionan al gobierno federal para dar un golpe de tim\u00f3n en la<br \/>\nforma en que gestiona la pandemia, al advertir que de no hacerlo\u00a0la cuota de muertes y de enfermos podr\u00eda seguir empeorando.<br \/>\nAlejandro Mac\u00edas, ex comisionado nacional para la pandemia\u00a0de influenza de 2009, se\u00f1al\u00f3 que al cierre del a\u00f1o uno de cada\u00a0500 mexicanos podr\u00eda perder la vida por la nueva enfermedad,\u00a0para rebasar las 250.000 v\u00edctimas.<br \/>\n&#8220;En cualquier proyecci\u00f3n, vamos a superar la cifra de uno de\u00a0cada 1.000, que ser\u00edan 128.000 personas, una vez que se analice\u00a0el exceso de mortalidad&#8221;, dijo.<br \/>\nEn declaraciones a la emisora local Imagen Radio, Mac\u00edas\u00a0sostuvo que ya 60.000 &#8220;son muchas muertes, y, aunque no se trata\u00a0de repartir culpas, s\u00ed hay que pensar qu\u00e9 podemos hacer mejor&#8221;.<br \/>\nEl experto propuso que por lo pronto se requiere, sin ning\u00fan\u00a0pretexto ni ambigedades &#8220;recomendar el cubrebocas para todos,\u00a0en todo espacio p\u00fablico. Que el presidente L\u00f3pez Obrador salga\u00a0con uno, y si quiere se lo puede quitar al hablar&#8221;.<br \/>\nEl experto en estad\u00edstica Arturo Erdely se\u00f1al\u00f3 que como van\u00a0las cosas &#8220;por lo menos es factible que crucemos las 100.000<br \/>\nmuertes&#8221;.<br \/>\nSin embargo, Erdely coincidi\u00f3 con las autoridades en que\u00a0&#8220;hay un descenso&#8221; en la cifra de muertes y contagios de<br \/>\nCovid-19, pero sostuvo que esta tendencia &#8220;es muy lenta&#8221;.<\/p>\n","protected":false},"excerpt":{"rendered":"<p>&#8220;Los muertos no se pueden ocultar&#8221;,se\u00f1al\u00f3 el mandatario mexicano CIUDAD DE MEXICO, 26 AGO &#8211; El presidente de M\u00e9xico, Andr\u00e9s L\u00f3pez Obrador, asediado por\u00a0acusaciones de&hellip;<\/p>\n","protected":false},"author":99,"featured_media":0,"comment_status":"open","ping_status":"open","sticky":false,"template":"","format":"standard","meta":{"footnotes":""},"categories":[23],"tags":[],"class_list":["post-493543","post","type-post","status-publish","format-standard","hentry","category-latinoamerica"],"_links":{"self":[{"href":"https:\/\/diarioelpopular.com\/index.php\/wp-json\/wp\/v2\/posts\/493543","targetHints":{"allow":["GET"]}}],"collection":[{"href":"https:\/\/diarioelpopular.com\/index.php\/wp-json\/wp\/v2\/posts"}],"about":[{"href":"https:\/\/diarioelpopular.com\/index.php\/wp-json\/wp\/v2\/types\/post"}],"author":[{"embeddable":true,"href":"https:\/\/diarioelpopular.com\/index.php\/wp-json\/wp\/v2\/users\/99"}],"replies":[{"embeddable":true,"href":"https:\/\/diarioelpopular.com\/index.php\/wp-json\/wp\/v2\/comments?post=493543"}],"version-history":[{"count":1,"href":"https:\/\/diarioelpopular.com\/index.php\/wp-json\/wp\/v2\/posts\/493543\/revisions"}],"predecessor-version":[{"id":493545,"href":"https:\/\/diarioelpopular.com\/index.php\/wp-json\/wp\/v2\/posts\/493543\/revisions\/493545"}],"wp:attachment":[{"href":"https:\/\/diarioelpopular.com\/index.php\/wp-json\/wp\/v2\/media?parent=493543"}],"wp:term":[{"taxonomy":"category","embeddable":true,"href":"https:\/\/diarioelpopular.com\/index.php\/wp-json\/wp\/v2\/categories?post=493543"},{"taxonomy":"post_tag","embeddable":true,"href":"https:\/\/diarioelpopular.com\/index.php\/wp-json\/wp\/v2\/tags?post=493543"}],"curies":[{"name":"wp","href":"https:\/\/api.w.org\/{rel}","templated":true}]}}