{"id":493563,"date":"2020-08-26T22:27:56","date_gmt":"2020-08-27T02:27:56","guid":{"rendered":"https:\/\/diarioelpopular.com\/?p=493563"},"modified":"2020-08-26T22:27:56","modified_gmt":"2020-08-27T02:27:56","slug":"amplio-rechazo-a-candidato-de-eeuu-al-bid","status":"publish","type":"post","link":"https:\/\/diarioelpopular.com\/index.php\/2020\/08\/26\/amplio-rechazo-a-candidato-de-eeuu-al-bid\/","title":{"rendered":"Amplio rechazo a candidato de EEUU al BID"},"content":{"rendered":"<div id=\"attachment_493564\" style=\"width: 310px\" class=\"wp-caption alignnone\"><img loading=\"lazy\" decoding=\"async\" aria-describedby=\"caption-attachment-493564\" class=\"size-medium wp-image-493564\" src=\"https:\/\/diarioelpopular.com\/wp-content\/uploads\/2020\/08\/d82b0e0add4d3a8b56f6b6cbd0aa315d-300x194.jpg\" alt=\"\" width=\"300\" height=\"194\" \/><p id=\"caption-attachment-493564\" class=\"wp-caption-text\"><em>Amplio rechazo a candidato de EEUU al Bando Interamericano de Desarrollo (foto: ANSA).<\/em><\/p><\/div>\n<h4>Ser\u00eda un &#8220;da\u00f1o irreparable&#8221; y una &#8220;agresi\u00f3n&#8221;, dijeron<\/h4>\n<p><em><strong>BOGOT\u00c1, 26 AGO &#8211;<\/strong><\/em> Como una &#8220;agresi\u00f3n&#8221; a la &#8220;dignidad latinoamericana&#8221; calificaron cinco ex mandatarios latinoamericanos y un espa\u00f1ol la postulaci\u00f3n del asesor de la Casa Blanca Mauricio Claver-Carone a la presidencia del Banco Interamericano de Desarrollo (BID), lo que pondr\u00eda fin a 60 a\u00f1os de una tradici\u00f3n pol\u00edtica regional.<br \/>\nPara Fernando Henrique Cardoso, Ricardo Lagos, Julio Mar\u00eda Sanguinetti, Juan Manuel Santos, Ernesto Zedillo y el espa\u00f1ol Felipe Gonz\u00e1lez es urgente &#8220;posponer la elecci\u00f3n del pr\u00f3ximo presidente&#8221; de esa instituci\u00f3n ante el riesgo de &#8220;la ruptura de una pr\u00e1ctica&#8221; hist\u00f3rica y una &#8220;grav\u00edsima violaci\u00f3n del acuerdo pol\u00edtico&#8221; bajo el cual se fund\u00f3 el BID.<br \/>\nSe tratar\u00eda, seg\u00fan los ex mandatarios de un &#8220;ruptura mayor&#8221; que &#8220;reclama una nueva reflexi\u00f3n en la Am\u00e9rica Latina y el Caribe y dem\u00e1s socios del BID ante un hecho de significados muy profundos, porque esa nominaci\u00f3n constituye una grave falta de respeto hacia las reglas de convivencia hemisf\u00e9rica e internacional y ciertamente una seria agresi\u00f3n a la dignidad latinoamericana&#8221;, dijeron en un carta p\u00fablica divulgada este mi\u00e9rcoles por Santos en Twitter.<br \/>\nMauricio Claver-Carone, el asesor especial estadounidense para el hemisferio occidental, es la apuesta del gobierno de Donald Trump para ese cargo, que desde la constituci\u00f3n del Banco fue presidida por latinoamericanos, con vicepresidentes norteamericanos, en una suerte de pacto de caballeros sellado en 1960 y que defini\u00f3 a Washington como sede de esa instituci\u00f3n.<br \/>\nEl promotor regional y primer presidente en salir a respaldar la postulaci\u00f3n de Claver-Carone fue el colombiano Iv\u00e1n Duque, exempleado del Banco que actualmente preside su compatriota Luis Alberto Moreno, quien seg\u00fan el diario bogotano El Tiempo rechaz\u00f3 en dos ocasiones el nombre de Claver-Carone para la vicepresidencia, al parecer por su falta de preparaci\u00f3n para el cargo.<br \/>\nDuque argument\u00f3 su respaldo al estadounidense sobre la base de un supuesto fortalecimiento de la &#8220;inversi\u00f3n&#8221; norteamericana en el continente en momentos de &#8220;incertidumbre&#8221; econ\u00f3mica por cuenta de la pandemia y a manera de retribuci\u00f3n de Bogot\u00e1 al respaldo permanente de Washington a sus postulaciones.<br \/>\nPara nadie es una sorpresa que la pol\u00edtica exterior colombiana est\u00e1 en sinton\u00eda con los intereses estadounidenses, que no recibi\u00f3 con agrado la llegada al BID de inversi\u00f3n China y buscar\u00eda atajar la influencia del gigante asi\u00e1tico tambi\u00e9n esa en esa instituci\u00f3n, en el marco de la cruzada que adelante el gobierno Trump contra Pek\u00edn, record\u00f3 El Tiempo.<br \/>\nLa elecci\u00f3n del nuevo presidente del BID debi\u00f3 tramitarse en la aplazada reuni\u00f3n de gobernadores de principios de este a\u00f1o en Barranquilla, norte de Colombia, y que se realizar\u00e1 en marzo del 2021, fecha en la que deber\u00eda darse esa votaci\u00f3n, seg\u00fan los ex presidentes.<br \/>\nAdem\u00e1s de Colombia y Estados Unidos, la postulaci\u00f3n de Claver-Carone contar\u00eda con el respaldo de Brasil y Venezuela, cuatro socios influyentes dentro de esa instituci\u00f3n, con lo que el nombramiento ser\u00eda un hecho.<br \/>\n&#8220;Por su forma y fondo, esta ser\u00eda una imposici\u00f3n arbitraria, que no dudamos acarrear\u00eda consecuencia muy negativas para el devenir de la instituci\u00f3n y el futuro de la relaci\u00f3n entre Estados Unidos y Am\u00e9rica Latina. El da\u00f1o para el BID ser\u00eda irreparable&#8221;, advirtieron los ex mandatarios.<\/p>\n","protected":false},"excerpt":{"rendered":"<p>Ser\u00eda un &#8220;da\u00f1o irreparable&#8221; y una &#8220;agresi\u00f3n&#8221;, dijeron BOGOT\u00c1, 26 AGO &#8211; Como una &#8220;agresi\u00f3n&#8221; a la &#8220;dignidad latinoamericana&#8221; calificaron cinco ex mandatarios latinoamericanos y&hellip;<\/p>\n","protected":false},"author":99,"featured_media":0,"comment_status":"open","ping_status":"open","sticky":false,"template":"","format":"standard","meta":{"footnotes":""},"categories":[23],"tags":[],"class_list":["post-493563","post","type-post","status-publish","format-standard","hentry","category-latinoamerica"],"_links":{"self":[{"href":"https:\/\/diarioelpopular.com\/index.php\/wp-json\/wp\/v2\/posts\/493563","targetHints":{"allow":["GET"]}}],"collection":[{"href":"https:\/\/diarioelpopular.com\/index.php\/wp-json\/wp\/v2\/posts"}],"about":[{"href":"https:\/\/diarioelpopular.com\/index.php\/wp-json\/wp\/v2\/types\/post"}],"author":[{"embeddable":true,"href":"https:\/\/diarioelpopular.com\/index.php\/wp-json\/wp\/v2\/users\/99"}],"replies":[{"embeddable":true,"href":"https:\/\/diarioelpopular.com\/index.php\/wp-json\/wp\/v2\/comments?post=493563"}],"version-history":[{"count":1,"href":"https:\/\/diarioelpopular.com\/index.php\/wp-json\/wp\/v2\/posts\/493563\/revisions"}],"predecessor-version":[{"id":493565,"href":"https:\/\/diarioelpopular.com\/index.php\/wp-json\/wp\/v2\/posts\/493563\/revisions\/493565"}],"wp:attachment":[{"href":"https:\/\/diarioelpopular.com\/index.php\/wp-json\/wp\/v2\/media?parent=493563"}],"wp:term":[{"taxonomy":"category","embeddable":true,"href":"https:\/\/diarioelpopular.com\/index.php\/wp-json\/wp\/v2\/categories?post=493563"},{"taxonomy":"post_tag","embeddable":true,"href":"https:\/\/diarioelpopular.com\/index.php\/wp-json\/wp\/v2\/tags?post=493563"}],"curies":[{"name":"wp","href":"https:\/\/api.w.org\/{rel}","templated":true}]}}