{"id":493578,"date":"2020-08-29T11:45:51","date_gmt":"2020-08-29T15:45:51","guid":{"rendered":"https:\/\/diarioelpopular.com\/?p=493578"},"modified":"2020-08-29T11:45:51","modified_gmt":"2020-08-29T15:45:51","slug":"148-nuevos-casos-de-coronavirus-que-marcan-el-mayor-aumento-en-un-solo-dia-desde-el-24-de-julio","status":"publish","type":"post","link":"https:\/\/diarioelpopular.com\/index.php\/2020\/08\/29\/148-nuevos-casos-de-coronavirus-que-marcan-el-mayor-aumento-en-un-solo-dia-desde-el-24-de-julio\/","title":{"rendered":"148 nuevos casos de coronavirus que marcan el mayor aumento en un solo d\u00eda desde el 24 de julio"},"content":{"rendered":"<p><img loading=\"lazy\" decoding=\"async\" class=\"alignnone size-medium wp-image-493579\" src=\"https:\/\/diarioelpopular.com\/wp-content\/uploads\/2020\/08\/Screen-Shot-2020-08-29-at-11.37.29-AM-300x167.png\" alt=\"\" width=\"300\" height=\"167\" \/><\/p>\n<p><em><strong>Actualizado s\u00e1bado 29 de agosto de 2020 11:00 a.m.<\/strong><\/em><\/p>\n<h4><em><strong>&#8211; Ontario inform\u00f3 el s\u00e1bado 148 nuevos casos del nuevo coronavirus, lo que eleva el n\u00famero total de casos en la provincia a 42.083.<\/strong><\/em><\/h4>\n<h4><em><strong>&#8211; Madre de Montreal desconecta el regreso a la escuela a medida que aumentan las preocupaciones por COVID-19<\/strong><\/em><\/h4>\n<p>Es el mayor aumento de casos en un solo d\u00eda desde el 24 de julio, cuando se informaron 195.<\/p>\n<p>La cifra provincial de muertos se mantuvo en 2.809 ya que no se informaron nuevas muertes.<br \/>\n&#8220;A nivel local, 27 de las 34 unidades de salud p\u00fablica de Ontario est\u00e1n reportando cinco o menos casos, y 18 no reportan casos nuevos&#8221;, dijo la ministra de Salud Christine Elliott en Twitter.<\/p>\n<p>Cuarenta y un casos fueron de Toronto, 32 de la regi\u00f3n de Peel, 20 de Ottawa y 19 de Windsor-Essex.<\/p>\n<p>Ontario ha informado de 100 o m\u00e1s casos nuevos de coronavirus cada d\u00eda durante la semana pasada, con la excepci\u00f3n del mi\u00e9rcoles.<br \/>\nUn total de 38,126 casos se consideran resueltos, lo que representa m\u00e1s del 90% de todos los casos confirmados.<\/p>\n<p>Elliott dijo que se han realizado m\u00e1s de 32,100 pruebas adicionales, lo que se encuentra entre los m\u00e1ximos hist\u00f3ricos. La provincia ha realizado un total de 2.916.275 pruebas.<br \/>\nUn total de 51 personas est\u00e1n hospitalizadas con el virus (disminuy\u00f3 en 10), 17 en cuidados intensivos (disminuy\u00f3 en uno) y 5 en un ventilador (disminuy\u00f3 en siete).<br \/>\nLa provincia se\u00f1ala que no todos los casos tienen una edad o sexo reportados.<\/p>\n<p>Seg\u00fan el Ministerio de Cuidados a Largo Plazo, se han reportado 1.848 muertes entre residentes y pacientes en hogares de cuidado a largo plazo en Ontario, lo mismo que en los \u00faltimos d\u00edas. Actualmente hay nueve brotes en hogares de cuidados a largo plazo.<\/p>\n<p>&nbsp;<\/p>\n<h4><em><strong>Madre de Montreal desconecta el regreso a la escuela a medida que aumentan las preocupaciones por COVID-19<\/strong><\/em><\/h4>\n<p><img loading=\"lazy\" decoding=\"async\" class=\"alignnone size-medium wp-image-493580\" src=\"https:\/\/diarioelpopular.com\/wp-content\/uploads\/2020\/08\/Screen-Shot-2020-08-29-at-11.43.32-AM-300x175.png\" alt=\"\" width=\"300\" height=\"175\" \/><\/p>\n<p>La hija de Catherine Delaney, Rose, estaba programada para comenzar el jard\u00edn de infantes esta semana. Pero Delaney sac\u00f3 a su hijo de cinco a\u00f1os de la escuela.<\/p>\n<p>\u201cEstoy inmunosuprimido. Realmente no puedo arriesgarme en mi vida &#8220;, dijo la madre de dos hijos.<\/p>\n<p>Tiene miedo de que sus hijos se enfermen en la escuela. Ella dice que el jard\u00edn de infantes aliviado no es obligatorio, porque tuvo problemas para obtener una nota del m\u00e9dico que le otorgara una exenci\u00f3n m\u00e9dica.<\/p>\n<p>Est\u00e1 segura de su decisi\u00f3n, despu\u00e9s de ver im\u00e1genes del regreso a clases esta semana de padres y estudiantes agrupados muy cerca fuera de las escuelas. La promovi\u00f3 a comenzar un hastag en las redes sociales: &#8220;#entreefail&#8221;.<\/p>\n<p>\u201cEs donde puedes denunciar situaciones en las que la gente no respeta las reglas. En algunos casos, las reglas ya muy laxas no se est\u00e1n respetando &#8220;, dijo.<\/p>\n<p>&#8220;A veces necesitamos recurrir a las redes sociales&#8221;.<br \/>\nSi bien muchas escuelas francesas regresaron esta semana, las juntas escolares de ingl\u00e9s de Montreal est\u00e1n programadas para regresar a clases el lunes.<\/p>\n<p>Los padres tienen sentimientos encontrados al respecto.<br \/>\n&#8220;S\u00ed, hay algunos padres que est\u00e1n muy ansiosos por que comience la escuela, no pueden esperar para comenzar&#8221;, dijo Caroline Phaneuf, presidenta del comit\u00e9 de padres de la Junta Escolar de English Montreal.<\/p>\n<p>&#8220;Tambi\u00e9n hay un gran porcentaje de padres que est\u00e1n muy nerviosos por enviar a sus hijos de regreso a la escuela&#8221;.<\/p>\n<p>Los administradores de las escuelas de toda la isla han estado trabajando incansablemente para preparar sus escuelas para los ni\u00f1os.<\/p>\n<p>La escuela primaria Honore Mercier de St Leonard est\u00e1 lista para recibir a los ni\u00f1os.<\/p>\n<p>\u201cTenemos muchos globos, tenemos m\u00fasica, as\u00ed que cuando los estudiantes entren se sentir\u00e1n felices. Ese es nuestro objetivo \u201d, dijo Christina Voggas, subdirectora de la escuela Honore Mercier.<\/p>\n<p>Los administradores colocaron calcoman\u00edas en los pisos, divisores en los pasillos y estaciones de desinfecci\u00f3n en todas partes, y todos los pasillos ahora tienen caminos de un solo sentido.<br \/>\nLas medidas han ayudado a tranquilizar a los profesores.<\/p>\n<p>\u201cEstamos bastante seguros de lo que hemos implementado, nuestros estudiantes y personal estar\u00e1n seguros al venir aqu\u00ed\u201d, dijo Voggas.<\/p>\n<p>La maestra de primaria Jennifer Borenstein dice que se ha visto inundada de correos electr\u00f3nicos y llamadas de padres preocupados. Ella tiene sus propias preocupaciones por sus dos hijos peque\u00f1os. Pero dijo que despu\u00e9s de ver todas las medidas que ha tomado su escuela primaria Margaret Manson, dice que los padres deben sentirse seguros.<\/p>\n<p>\u201cNecesitan creer en nosotros. Necesitan confiar en nosotros que sus hijos son nuestros hijos. Los adoramos; los tratamos como si fueran nuestros. Haremos todo lo que est\u00e9 a nuestro alcance para trabajar en equipo para mantener a todos a salvo&#8221;.<\/p>\n<p>Son palabras que los padres quieren escuchar, antes de despedirse de sus hijos con un beso el lunes para comenzar un a\u00f1o escolar como ning\u00fan otro.<\/p>\n","protected":false},"excerpt":{"rendered":"<p>Actualizado s\u00e1bado 29 de agosto de 2020 11:00 a.m. &#8211; Ontario inform\u00f3 el s\u00e1bado 148 nuevos casos del nuevo coronavirus, lo que eleva el n\u00famero&hellip;<\/p>\n","protected":false},"author":99,"featured_media":0,"comment_status":"open","ping_status":"open","sticky":false,"template":"","format":"standard","meta":{"footnotes":""},"categories":[21,11191],"tags":[],"class_list":["post-493578","post","type-post","status-publish","format-standard","hentry","category-canada","category-top-news"],"_links":{"self":[{"href":"https:\/\/diarioelpopular.com\/index.php\/wp-json\/wp\/v2\/posts\/493578","targetHints":{"allow":["GET"]}}],"collection":[{"href":"https:\/\/diarioelpopular.com\/index.php\/wp-json\/wp\/v2\/posts"}],"about":[{"href":"https:\/\/diarioelpopular.com\/index.php\/wp-json\/wp\/v2\/types\/post"}],"author":[{"embeddable":true,"href":"https:\/\/diarioelpopular.com\/index.php\/wp-json\/wp\/v2\/users\/99"}],"replies":[{"embeddable":true,"href":"https:\/\/diarioelpopular.com\/index.php\/wp-json\/wp\/v2\/comments?post=493578"}],"version-history":[{"count":1,"href":"https:\/\/diarioelpopular.com\/index.php\/wp-json\/wp\/v2\/posts\/493578\/revisions"}],"predecessor-version":[{"id":493581,"href":"https:\/\/diarioelpopular.com\/index.php\/wp-json\/wp\/v2\/posts\/493578\/revisions\/493581"}],"wp:attachment":[{"href":"https:\/\/diarioelpopular.com\/index.php\/wp-json\/wp\/v2\/media?parent=493578"}],"wp:term":[{"taxonomy":"category","embeddable":true,"href":"https:\/\/diarioelpopular.com\/index.php\/wp-json\/wp\/v2\/categories?post=493578"},{"taxonomy":"post_tag","embeddable":true,"href":"https:\/\/diarioelpopular.com\/index.php\/wp-json\/wp\/v2\/tags?post=493578"}],"curies":[{"name":"wp","href":"https:\/\/api.w.org\/{rel}","templated":true}]}}