{"id":493586,"date":"2020-08-30T11:20:54","date_gmt":"2020-08-30T15:20:54","guid":{"rendered":"https:\/\/diarioelpopular.com\/?p=493586"},"modified":"2020-08-30T11:20:54","modified_gmt":"2020-08-30T15:20:54","slug":"domingo-30-112-nuevos-casos-de-coronavirus-1-muerte-casos-totales-cerca-de-42-200","status":"publish","type":"post","link":"https:\/\/diarioelpopular.com\/index.php\/2020\/08\/30\/domingo-30-112-nuevos-casos-de-coronavirus-1-muerte-casos-totales-cerca-de-42-200\/","title":{"rendered":"Domingo 30: 112 nuevos casos de coronavirus, 1 muerte; casos totales cerca de 42.200"},"content":{"rendered":"<p><img loading=\"lazy\" decoding=\"async\" class=\"alignnone size-medium wp-image-493587\" src=\"https:\/\/diarioelpopular.com\/wp-content\/uploads\/2020\/08\/Screen-Shot-2020-08-30-at-11.13.32-AM-300x162.png\" alt=\"\" width=\"300\" height=\"162\" \/><\/p>\n<p><em>Actualizado el 30 de agosto de 2020 10:56 a.m.<\/em><\/p>\n<h4><em><strong>Ontario inform\u00f3 de 112 nuevos casos del nuevo coronavirus este domingo, lo que eleva el n\u00famero total de casos en la provincia a 42,195.<\/strong><\/em><\/h4>\n<p><em><strong>TORONTO.-<\/strong> <\/em>La provincia ha reportado ahora 100 o m\u00e1s casos de COVID-19 durante nueve de los \u00faltimos 10 d\u00edas.<\/p>\n<p>Sin embargo, el informe del domingo es inferior al del s\u00e1bado, que registr\u00f3 148 casos nuevos.<\/p>\n<p>&#8220;A nivel local, 29 de las 34 unidades de salud p\u00fablica de Ontario est\u00e1n reportando cinco o menos casos, y 17 no reportan casos nuevos&#8221;, dijo la ministra de Salud, Christine Elliott, en Twitter.<br \/>\nTreinta y cinco casos son de Toronto, 27 de la regi\u00f3n de Peel y 16 de Ottawa.<\/p>\n<p>Se considera resuelto un total de 38.204 casos, lo que representa m\u00e1s del 90% de todos los casos confirmados.<br \/>\nSe han realizado casi 25.000 pruebas adicionales. La provincia ha completado ahora un total de 2.941.245 pruebas.<\/p>\n<p>El domingo tambi\u00e9n se anunci\u00f3 una nueva muerte, lo que eleva el n\u00famero de muertos en la provincia a 2.810.<\/p>\n<p>Un total de 51 personas est\u00e1n hospitalizadas con el virus (igual que el s\u00e1bado), 20 en cuidados intensivos (tres m\u00e1s) y 10 en un ventilador (cinco m\u00e1s).<\/p>\n<p>La provincia se\u00f1ala que no todos los hospitales informaron el estado de los pacientes para el 28 de agosto, como suele ser el caso los fines de semana, lo que probablemente provoque que el n\u00famero de hospitalizaciones informado sea menor de lo que realmente es.<br \/>\nLos n\u00fameros reci\u00e9n reportados son v\u00e1lidos a partir de las 2 p.m. S\u00e1bado para Toronto, Ottawa y Londres y 4 p.m. para el resto de la provincia.<br \/>\nSeg\u00fan el Ministerio de Cuidados a Largo Plazo, se han reportado 1.848 muertes entre residentes y pacientes en hogares de cuidado a largo plazo en Ontario, lo mismo que en los \u00faltimos d\u00edas. Actualmente hay nueve brotes en hogares de cuidados a largo plazo.<\/p>\n<p>No hay casos activos entre los residentes de cuidados de larga duraci\u00f3n y 19 entre el personal.<\/p>\n<p>&nbsp;<\/p>\n<h4><em><strong>La congelaci\u00f3n del alquiler en Ontario podr\u00eda significar m\u00e1s desalojos, dicen los cr\u00edticos<\/strong><\/em><\/h4>\n<p>TORONTO.- Mientras el gobierno de Ontario se prepara para congelar la mayor\u00eda de los alquileres residenciales en toda la provincia para ayudar a quienes sufren p\u00e9rdidas financieras por la pandemia de COVID-19, los cr\u00edticos del plan dicen que no va lo suficientemente lejos.<\/p>\n<p>El viernes, el gobierno de Ontario PC anunci\u00f3 planes para congelar el alquiler de las propiedades residenciales de alquiler controlado hasta 2021, y prometi\u00f3 introducir la legislaci\u00f3n pertinente en el oto\u00f1o.<\/p>\n<p>\u201cPresentar\u00e9 una legislaci\u00f3n este oto\u00f1o para congelar los alquileres, para que la gran mayor\u00eda de las familias no vean un aumento de alquiler el pr\u00f3ximo a\u00f1o\u201d, public\u00f3 en Twitter Steve Clark, ministro de asuntos municipales y vivienda.<br \/>\nCole Webber, un trabajador legal comunitario y defensor de los inquilinos, le dijo a Global News que detener los aumentos de alquiler podr\u00eda conducir a m\u00e1s desalojos.<\/p>\n<p>&#8220;En Ontario, no hay control de alquiler en las unidades desocupadas, por lo que los propietarios tienen un incentivo financiero para expulsar a los inquilinos actuales para que puedan aumentar el alquiler sin l\u00edmite en la unidad desocupada&#8221;, dijo.<br \/>\nEs una preocupaci\u00f3n en la mente de Vinson Salim, quien dej\u00f3 de pagar el alquiler de su apartamento en el vecindario de Parkdale en Toronto en abril despu\u00e9s de que lo despidieran.<\/p>\n<p>Su arrendador le notific\u00f3 poco despu\u00e9s para pagar o mudarse, dijo. Habiendo estado sin hogar antes, dijo que la situaci\u00f3n evoca recuerdos dif\u00edciles.<br \/>\nSuze Morrison, la cr\u00edtica de los derechos de los inquilinos del NDP de Ontario, dijo en un comunicado enviado por correo electr\u00f3nico que el congelamiento del alquiler es insuficiente y que el gobierno tambi\u00e9n deber\u00eda tomar medidas como prohibir los desalojos durante la pandemia y ofrecer un subsidio de alquiler a quienes han perdido ingresos.<\/p>\n<p>&#8220;Esto no ayuda a los inquilinos que han estado luchando por mantener un techo sobre su cabeza y necesitaban ayuda hace meses&#8221;, escribi\u00f3. \u201cEn lugar de ayudar a estos inquilinos, (el primer ministro) Doug Ford ha ido de mal en peor en medio de la pandemia con una nueva ley para acelerar los desalojos\u201d.<br \/>\nTony Irwin, presidente y director ejecutivo de la Federaci\u00f3n de Proveedores de Viviendas de Alquiler de Ontario, tambi\u00e9n cr\u00edtico de la congelaci\u00f3n de alquileres, dijo que el alivio dirigido a los inquilinos que m\u00e1s lo necesitan ser\u00eda m\u00e1s efectivo.<\/p>\n<p>\u201cEsta medida, una especie de provisi\u00f3n de (una) congelaci\u00f3n generalizada del alquiler, est\u00e1 ayudando a algunos residentes que, francamente, no est\u00e1n en una situaci\u00f3n desesperada\u201d, dijo.<br \/>\nCole, el trabajador legal comunitario, dijo que cree que nadie deber\u00eda enfrentar el desalojo por impago de alquiler durante la pandemia.<\/p>\n<p>&#8220;De lo contrario, veremos niveles de indigencia e indigencia como nunca antes hab\u00edamos visto&#8221;, dijo.<\/p>\n","protected":false},"excerpt":{"rendered":"<p>Actualizado el 30 de agosto de 2020 10:56 a.m. Ontario inform\u00f3 de 112 nuevos casos del nuevo coronavirus este domingo, lo que eleva el n\u00famero&hellip;<\/p>\n","protected":false},"author":99,"featured_media":0,"comment_status":"open","ping_status":"open","sticky":false,"template":"","format":"standard","meta":{"footnotes":""},"categories":[21,11191],"tags":[],"class_list":["post-493586","post","type-post","status-publish","format-standard","hentry","category-canada","category-top-news"],"_links":{"self":[{"href":"https:\/\/diarioelpopular.com\/index.php\/wp-json\/wp\/v2\/posts\/493586","targetHints":{"allow":["GET"]}}],"collection":[{"href":"https:\/\/diarioelpopular.com\/index.php\/wp-json\/wp\/v2\/posts"}],"about":[{"href":"https:\/\/diarioelpopular.com\/index.php\/wp-json\/wp\/v2\/types\/post"}],"author":[{"embeddable":true,"href":"https:\/\/diarioelpopular.com\/index.php\/wp-json\/wp\/v2\/users\/99"}],"replies":[{"embeddable":true,"href":"https:\/\/diarioelpopular.com\/index.php\/wp-json\/wp\/v2\/comments?post=493586"}],"version-history":[{"count":1,"href":"https:\/\/diarioelpopular.com\/index.php\/wp-json\/wp\/v2\/posts\/493586\/revisions"}],"predecessor-version":[{"id":493588,"href":"https:\/\/diarioelpopular.com\/index.php\/wp-json\/wp\/v2\/posts\/493586\/revisions\/493588"}],"wp:attachment":[{"href":"https:\/\/diarioelpopular.com\/index.php\/wp-json\/wp\/v2\/media?parent=493586"}],"wp:term":[{"taxonomy":"category","embeddable":true,"href":"https:\/\/diarioelpopular.com\/index.php\/wp-json\/wp\/v2\/categories?post=493586"},{"taxonomy":"post_tag","embeddable":true,"href":"https:\/\/diarioelpopular.com\/index.php\/wp-json\/wp\/v2\/tags?post=493586"}],"curies":[{"name":"wp","href":"https:\/\/api.w.org\/{rel}","templated":true}]}}