{"id":493589,"date":"2020-08-30T11:25:10","date_gmt":"2020-08-30T15:25:10","guid":{"rendered":"https:\/\/diarioelpopular.com\/?p=493589"},"modified":"2020-08-30T11:25:10","modified_gmt":"2020-08-30T15:25:10","slug":"desconfinamiento-casi-total-en-mexico","status":"publish","type":"post","link":"https:\/\/diarioelpopular.com\/index.php\/2020\/08\/30\/desconfinamiento-casi-total-en-mexico\/","title":{"rendered":"Desconfinamiento casi total en M\u00e9xico"},"content":{"rendered":"<div id=\"attachment_493590\" style=\"width: 310px\" class=\"wp-caption alignnone\"><img loading=\"lazy\" decoding=\"async\" aria-describedby=\"caption-attachment-493590\" class=\"size-medium wp-image-493590\" src=\"https:\/\/diarioelpopular.com\/wp-content\/uploads\/2020\/08\/e4dec97d6b255899407f34b365cb4af7-300x185.jpg\" alt=\"\" width=\"300\" height=\"185\" \/><p id=\"caption-attachment-493590\" class=\"wp-caption-text\"><em>Protestas contra L\u00f3pez Obrador (foto: ANSA)<\/em><\/p><\/div>\n<h4><em><strong>S\u00f3lo Colima, el estado m\u00e1s peque\u00f1o del pa\u00eds, a\u00fan est\u00e1 &#8220;en rojo&#8221;<\/strong><\/em><\/h4>\n<p>Cinco meses despu\u00e9s de que M\u00e9xico iniciara una larga cuarentena a causa de la pandemia global de Covid-19, a partir de este lunes finalmente se alcanzar\u00e1 el desconfinamiento casi total, exceptuando el estado occidental de Colima, el m\u00e1s peque\u00f1o del pa\u00eds.<br \/>\nColima est\u00e1 todav\u00eda en &#8220;rojo&#8221; debido a que sufre la cresta de la peste, cuando el pa\u00eds contabiliza 585.738 contagios y 63.146 muertes.<br \/>\nHasta ahora se han realizado 1,3 millones de pruebas, una de las cifras relativas m\u00e1s bajas del mundo (apenas un poco m\u00e1s del 1% de la poblaci\u00f3n total).<br \/>\nEste viernes, las autoridades sanitarias anunciaron que 10 de los 32 estados de M\u00e9xico pasaban de &#8220;naranja&#8221; (alerta mediana) a &#8220;amarillo&#8221; (alerta baja), en el sem\u00e1foro instaurado por el gobierno para medir el grado de riesgo de contagio del coronavirus.<br \/>\nEn tanto, cinco estados salieron del &#8220;rojo&#8221; para pintarse de &#8220;naranja&#8221;, por lo que se confirma que la crisis sanitaria est\u00e1 cediendo poco a poco, aunque en forma muy lenta, transitando una larga meseta.<br \/>\nHasta ahora, en suma, hay 21 estados en &#8220;naranja&#8221; y 10 en &#8220;amarillo&#8221;, pero todav\u00eda ninguno en &#8220;verde&#8221;, que es la normalidad completa y que se cree se alcanzar\u00e1 hasta que llegue la vacuna.<br \/>\nEn cuanto a Colima, con una poblaci\u00f3n de 711.000 habitantes, el director general de Promoci\u00f3n de la Salud, Ricardo Cort\u00e9s, se\u00f1al\u00f3 que es un estado con &#8220;tendencias todav\u00eda en crecimiento&#8221;.<br \/>\nSin embargo, dijo se est\u00e1 trabajando con las autoridades y con la poblaci\u00f3n, que se encuentra todav\u00eda en refugio&#8221;.<br \/>\nEl sem\u00e1foro se elabora a partir de 10 indicadores, entre los que figuran contagios, hospitalizaciones y muertes.<br \/>\nEl viernes, M\u00e9xico cumpli\u00f3 seis meses desde que se registr\u00f3 el primer contagio de la epidemia, y actualmente se ubica en el tercer lugar mundial en t\u00e9rminos absolutos por mortalidad, despu\u00e9s de Estados Unidos y Brasil, pero en t\u00e9rminos relativos, en relaci\u00f3n a la poblaci\u00f3n total, aparece en el d\u00e9cimo lugar.<br \/>\nSin embargo, su tasa de letalidad es de 10,8%, el triple del promedio mundial y una de las m\u00e1s altas del mundo.<br \/>\nEl portavoz para la pandemia, Hugo L\u00f3pez-Gatell, report\u00f3 un aumento en las \u00faltimas 24 horas de 552 fallecimientos y de 5.824 contagios.<br \/>\nLa cifra de camas disponibles para pacientes no delicados es de 64% existe una disponibilidad de 69% de camas con respirador, destinadas a pacientes graves.<br \/>\nDesde hace unos d\u00edas, el gobierno anunci\u00f3 que el pa\u00eds entr\u00f3 en una &#8220;fase de descenso&#8221;, aunque la oleada de cr\u00edticas por la escasa cifra de ex\u00e1menes de diagn\u00f3stico no ha cesado.<br \/>\nDe acuerdo con la Universidad de Oxford, en un grupo de 15 pa\u00edses latinoamericanos, M\u00e9xico es el que realiza menos test con 7,96 por cada 100.000 habitantes.<br \/>\n&#8220;El aspecto de la epidemia en M\u00e9xico es ya muy positivo, est\u00e1 en una fase clara de descenso&#8221;, se\u00f1al\u00f3 L\u00f3pez-Gatell, la cara visible de la respuesta de la autoridad sanitaria contra el coronavirus.<br \/>\n&#8220;Consistentemente en la mayor\u00eda del territorio est\u00e1 disminuyendo la cantidad de casos diarios, la cantidad de muertes&#8221;, indic\u00f3.<br \/>\nEl primer contagio fue declarado el pasado 27 de febrero y la primera muerte se anunci\u00f3 el 18 de marzo siguiente, por lo que las autoridades declararon la cuarentena oficial cinco d\u00edas despu\u00e9s, el d\u00eda 23, sin dejar de funcionar las actividades esenciales.<br \/>\nEl pasado 29 de mayo comenz\u00f3 lo que el gobierno dio en llamar &#8220;la nueva normalidad&#8221;, es decir, la desescalada, que ha transcurrido de manera desesperadamente lenta.<br \/>\nLa pandemia sigue latente en la capital mexicana y los alrededores, pero el epicentro se desplaz\u00f3 a otras zonas del pa\u00eds como Nuevo Le\u00f3n (norte), Nayarit, Jalisco y Colima (occidente) Tabasco y Veracruz (sur).<br \/>\nEn los \u00faltimos d\u00edas han arreciado los cuestionamientos contra la estrategia oficial y las exigencias para que el gobierno d\u00e9 un giro de 180 grados a su pol\u00edtica contra la pandemia.<br \/>\nEl uso generalizado de barbijos ha sido uno de los temas m\u00e1s debatidos, por cuanto no se ha impuesto su uso generalizado y el propio presidente Andr\u00e9s L\u00f3pez Obrador y su estratega sanitario Hugo L\u00f3pez se niegan a utilizarlo p\u00fablicamente.<\/p>\n","protected":false},"excerpt":{"rendered":"<p>S\u00f3lo Colima, el estado m\u00e1s peque\u00f1o del pa\u00eds, a\u00fan est\u00e1 &#8220;en rojo&#8221; Cinco meses despu\u00e9s de que M\u00e9xico iniciara una larga cuarentena a causa de&hellip;<\/p>\n","protected":false},"author":99,"featured_media":0,"comment_status":"open","ping_status":"open","sticky":false,"template":"","format":"standard","meta":{"footnotes":""},"categories":[23],"tags":[],"class_list":["post-493589","post","type-post","status-publish","format-standard","hentry","category-latinoamerica"],"_links":{"self":[{"href":"https:\/\/diarioelpopular.com\/index.php\/wp-json\/wp\/v2\/posts\/493589","targetHints":{"allow":["GET"]}}],"collection":[{"href":"https:\/\/diarioelpopular.com\/index.php\/wp-json\/wp\/v2\/posts"}],"about":[{"href":"https:\/\/diarioelpopular.com\/index.php\/wp-json\/wp\/v2\/types\/post"}],"author":[{"embeddable":true,"href":"https:\/\/diarioelpopular.com\/index.php\/wp-json\/wp\/v2\/users\/99"}],"replies":[{"embeddable":true,"href":"https:\/\/diarioelpopular.com\/index.php\/wp-json\/wp\/v2\/comments?post=493589"}],"version-history":[{"count":1,"href":"https:\/\/diarioelpopular.com\/index.php\/wp-json\/wp\/v2\/posts\/493589\/revisions"}],"predecessor-version":[{"id":493591,"href":"https:\/\/diarioelpopular.com\/index.php\/wp-json\/wp\/v2\/posts\/493589\/revisions\/493591"}],"wp:attachment":[{"href":"https:\/\/diarioelpopular.com\/index.php\/wp-json\/wp\/v2\/media?parent=493589"}],"wp:term":[{"taxonomy":"category","embeddable":true,"href":"https:\/\/diarioelpopular.com\/index.php\/wp-json\/wp\/v2\/categories?post=493589"},{"taxonomy":"post_tag","embeddable":true,"href":"https:\/\/diarioelpopular.com\/index.php\/wp-json\/wp\/v2\/tags?post=493589"}],"curies":[{"name":"wp","href":"https:\/\/api.w.org\/{rel}","templated":true}]}}