{"id":493599,"date":"2020-08-31T15:50:30","date_gmt":"2020-08-31T19:50:30","guid":{"rendered":"https:\/\/diarioelpopular.com\/?p=493599"},"modified":"2020-08-31T15:50:45","modified_gmt":"2020-08-31T19:50:45","slug":"playas-de-rio-repletas-y-aumento-de-muertes","status":"publish","type":"post","link":"https:\/\/diarioelpopular.com\/index.php\/2020\/08\/31\/playas-de-rio-repletas-y-aumento-de-muertes\/","title":{"rendered":"Playas de Rio repletas y aumento de muertes"},"content":{"rendered":"<div id=\"attachment_493600\" style=\"width: 310px\" class=\"wp-caption alignnone\"><img loading=\"lazy\" decoding=\"async\" aria-describedby=\"caption-attachment-493600\" class=\"size-medium wp-image-493600\" src=\"https:\/\/diarioelpopular.com\/wp-content\/uploads\/2020\/08\/fcc746128a020b9382929cc6926f75fd-300x200.jpg\" alt=\"\" width=\"300\" height=\"200\" \/><p id=\"caption-attachment-493600\" class=\"wp-caption-text\"><em>Playas de Rio repletas y aumento de muertes (foto: EPA).<\/em><\/p><\/div>\n<h4><em><strong>Brasil se aproxima a los 121.000 fallecimientos<\/strong><\/em><\/h4>\n<p><em><strong>BRASILIA, 31 AGO &#8211;<\/strong><\/em> Las playas de Rio de Janeiro mostraron un lleno casi total este domingo soleado, mientras en ese estado sigue subiendo el promedio de muertes diarias por el coronavirus y Brasil se aproxima a los 121 mil fallecimientos por la enfermedad.<br \/>\nLas playas de Copacabana, Ipanema y otras del sur carioca, las m\u00e1s visitadas por los turistas extranjeros, tuvieron un alto n\u00famero de ba\u00f1istas que violaron las reglas de aislamiento ni utilizaron tapabocas.<br \/>\nBrasil lleg\u00f3 a un total de 120.896 fallecimientos el domingo, incluidas las 398 muertes registradas en las \u00faltimas 24 horas, y un promedio de 875 v\u00edctimas fatales diarias.<br \/>\nAdem\u00e1s, el pa\u00eds contabiliz\u00f3 15.151 infectados hasta el domingo por la noche, con lo cual la cifra acumulada de contagios desde febrero ascendi\u00f3 a 3.862.116.<br \/>\nEn tanto, Rio de Janeiro es uno de los estados con un cuadro sanitario m\u00e1s grave, con un total de 16.027 fallecimientos y 223.302 infectados con el SARS-CoV-2.<br \/>\nEl promedio de muertes lleg\u00f3 al noveno d\u00eda consecutivo de crecimiento este fin de semana en Rio, con 105 fallecimientos por d\u00eda, cifra que indica un salto del 60% frente al promedio de hace dos semanas, inform\u00f3 hoy el diario O Globo.<br \/>\nLa media m\u00f3vil de muertes fue de 216 este domingo en San Pablo, con lo cual se observ\u00f3 una baja del 14 % ante el promedio de hace dos semanas.<\/p>\n","protected":false},"excerpt":{"rendered":"<p>Brasil se aproxima a los 121.000 fallecimientos BRASILIA, 31 AGO &#8211; Las playas de Rio de Janeiro mostraron un lleno casi total este domingo soleado,&hellip;<\/p>\n","protected":false},"author":99,"featured_media":0,"comment_status":"open","ping_status":"open","sticky":false,"template":"","format":"standard","meta":{"footnotes":""},"categories":[23],"tags":[],"class_list":["post-493599","post","type-post","status-publish","format-standard","hentry","category-latinoamerica"],"_links":{"self":[{"href":"https:\/\/diarioelpopular.com\/index.php\/wp-json\/wp\/v2\/posts\/493599","targetHints":{"allow":["GET"]}}],"collection":[{"href":"https:\/\/diarioelpopular.com\/index.php\/wp-json\/wp\/v2\/posts"}],"about":[{"href":"https:\/\/diarioelpopular.com\/index.php\/wp-json\/wp\/v2\/types\/post"}],"author":[{"embeddable":true,"href":"https:\/\/diarioelpopular.com\/index.php\/wp-json\/wp\/v2\/users\/99"}],"replies":[{"embeddable":true,"href":"https:\/\/diarioelpopular.com\/index.php\/wp-json\/wp\/v2\/comments?post=493599"}],"version-history":[{"count":2,"href":"https:\/\/diarioelpopular.com\/index.php\/wp-json\/wp\/v2\/posts\/493599\/revisions"}],"predecessor-version":[{"id":493603,"href":"https:\/\/diarioelpopular.com\/index.php\/wp-json\/wp\/v2\/posts\/493599\/revisions\/493603"}],"wp:attachment":[{"href":"https:\/\/diarioelpopular.com\/index.php\/wp-json\/wp\/v2\/media?parent=493599"}],"wp:term":[{"taxonomy":"category","embeddable":true,"href":"https:\/\/diarioelpopular.com\/index.php\/wp-json\/wp\/v2\/categories?post=493599"},{"taxonomy":"post_tag","embeddable":true,"href":"https:\/\/diarioelpopular.com\/index.php\/wp-json\/wp\/v2\/tags?post=493599"}],"curies":[{"name":"wp","href":"https:\/\/api.w.org\/{rel}","templated":true}]}}