{"id":493639,"date":"2020-09-03T12:25:30","date_gmt":"2020-09-03T16:25:30","guid":{"rendered":"https:\/\/diarioelpopular.com\/?p=493639"},"modified":"2020-09-03T12:25:30","modified_gmt":"2020-09-03T16:25:30","slug":"transportistas-levantan-huelga","status":"publish","type":"post","link":"https:\/\/diarioelpopular.com\/index.php\/2020\/09\/03\/transportistas-levantan-huelga\/","title":{"rendered":"Transportistas levantan huelga"},"content":{"rendered":"<div id=\"attachment_493640\" style=\"width: 486px\" class=\"wp-caption alignnone\"><img loading=\"lazy\" decoding=\"async\" aria-describedby=\"caption-attachment-493640\" class=\"size-custom-full-size wp-image-493640\" src=\"https:\/\/diarioelpopular.com\/wp-content\/uploads\/2020\/09\/a6deaa10209f23574a92d8c7cc5f7bb2.jpg\" alt=\"\" width=\"476\" height=\"317\" \/><p id=\"caption-attachment-493640\" class=\"wp-caption-text\">Transportistas levantan huelga en Chile<br \/>(foto: EPA)<\/p><\/div>\n<h2>Desabastecimiento ya se hac\u00eda sentir<\/h2>\n<p><strong><em>SANTIAGO DEL CHILE, 03 SEP &#8211;<\/em><\/strong> El gremio de transportistas de Chile depuso este mi\u00e9rcoles el paro de siete d\u00edas tras alcanzar un acuerdo con el Gobierno de mayor seguridad en las carreteras y ser indemnizados por hechos violentos.<br \/>\nA una semana de la paralizaci\u00f3n ya se advert\u00edan problemas de desabastecimiento y alza de precios en productos b\u00e1sicos.<br \/>\n&#8220;A contar desde esta hora, las diferentes asociaciones pueden levantar la movilizaci\u00f3n, pero nosotros lo \u00fanico que estamos haciendo es eso, porque vamos a estar muy atentos a que cumplan lo que hemos acordado; si no se cumple vamos a volver a las carreteras y estacionarnos en las bermas&#8221;, advirti\u00f3 el presidente de la Federaci\u00f3n del Transporte de Carga del Sur (Fedesur) Jos\u00e9 Villagr\u00e1n.<br \/>\nEl dirigente fue enf\u00e1tico en sostener que &#8220;todas las peticiones tienen plazo, ese plazo lo ha puesto el Gobierno. Por lo tanto el Ejecutivo tiene que cumplir los plazos&#8221;.<br \/>\nA su juicio, &#8220;aqu\u00ed se va a trabajar en restablecer el Estado de derecho, se acab\u00f3 la impunidad en el sur de Chile con muchas pol\u00edticas que sobre todo son policiales, y como son de inteligencia no las puedo dar a conocer, porque de lo contrario no ser\u00edan pol\u00edtica de inteligencia&#8221;, declar\u00f3 a un costado de la berma en la Ruta 5 Sur.<br \/>\nLo que si detall\u00f3 del acuerdo fue que &#8220;los conductores van a tener un seguro, porque ellos no tienen culpa de que ac\u00e1 les est\u00e9n quemando las m\u00e1quinas o les est\u00e9n disparando&#8221;.<br \/>\nLa paralizaci\u00f3n provoc\u00f3 que toneladas de productos se apilaran en los puertos y que gasolineras del sur del pa\u00eds se quedaran sin combustible.<br \/>\nVillagr\u00e1n asegur\u00f3 que el abastecimiento se depondr\u00e1 &#8220;yo creo que no pasa m\u00e1s de las 10 hora local de este jueves, ya sean supermercados, servicentros u otros. Aqu\u00ed tenemos 800 camiones que no se van a ir para la casa, van a ir a cargar y van a volver para las diferentes partes del pa\u00eds&#8221;.<br \/>\nEl l\u00edder de los transportistas defendi\u00f3 que la movilizaci\u00f3n fue pac\u00edfica, en respuesta a la oposici\u00f3n que exigi\u00f3 al gobierno invocar la Ley de Seguridad Interior del Estado.<br \/>\n&#8220;No hemos quebrado ning\u00fan vidrio, no hemos asaltado los supermercados, no hemos destrozado sem\u00e1foros ni hemos quemado iglesias&#8221;, anot\u00f3.<br \/>\nEl gobierno inform\u00f3 del acuerdo alcanzado que se suma a la agenda legislativa compuesta de 13 proyectos sobre seguridad que se encuentra con urgencia en el Congreso orientada a &#8220;fortalecer el resguardo del orden p\u00fablico y asistir a las v\u00edctimas del terrorismo y la violencia en la Macrozona Sur&#8221;, donde se ubica el territorio mapuche. Asimismo, crear\u00e1 un grupo de trabajo con representantes del gremio de camiones y las polic\u00edas.<br \/>\nEl Gobierno implementar\u00e1 un plan que establece apoyo a las familias de los conductores que fallezcan o resulten con invalidez total o parcial superior al 70%, producto de delitos terroristas. Apoyo econ\u00f3mico a las v\u00edctimas de terrorismo, en particular, para la reposici\u00f3n de las m\u00e1quinas de trabajo.<br \/>\nVigilancia en la ruta con c\u00e1maras adicionales, c\u00e1maras t\u00e9rmicas, lectores de patente en peajes e iluminaci\u00f3n de nuevas zonas.<br \/>\nAdem\u00e1s, avance en sistemas de peaje free-flow y estudiar la posibilidad de establecer una tarifa plana los fines de semana y feriados en las rutas 68 y 78 (entre Santiago y la regi\u00f3n de Valpara\u00edso). Nuevas \u00e1reas seguras de descanso en la Ruta 5 Sur. Una ley integral que permita establecer una pol\u00edtica nacional de transporte de carga por carreteras, y mejora en los est\u00e1ndares de seguridad de las carreteras, con tecnolog\u00eda avanzada.<\/p>\n","protected":false},"excerpt":{"rendered":"<p>Desabastecimiento ya se hac\u00eda sentir SANTIAGO DEL CHILE, 03 SEP &#8211; El gremio de transportistas de Chile depuso este mi\u00e9rcoles el paro de siete d\u00edas&hellip;<\/p>\n","protected":false},"author":99,"featured_media":0,"comment_status":"open","ping_status":"open","sticky":false,"template":"","format":"standard","meta":{"footnotes":""},"categories":[23],"tags":[],"class_list":["post-493639","post","type-post","status-publish","format-standard","hentry","category-latinoamerica"],"_links":{"self":[{"href":"https:\/\/diarioelpopular.com\/index.php\/wp-json\/wp\/v2\/posts\/493639","targetHints":{"allow":["GET"]}}],"collection":[{"href":"https:\/\/diarioelpopular.com\/index.php\/wp-json\/wp\/v2\/posts"}],"about":[{"href":"https:\/\/diarioelpopular.com\/index.php\/wp-json\/wp\/v2\/types\/post"}],"author":[{"embeddable":true,"href":"https:\/\/diarioelpopular.com\/index.php\/wp-json\/wp\/v2\/users\/99"}],"replies":[{"embeddable":true,"href":"https:\/\/diarioelpopular.com\/index.php\/wp-json\/wp\/v2\/comments?post=493639"}],"version-history":[{"count":1,"href":"https:\/\/diarioelpopular.com\/index.php\/wp-json\/wp\/v2\/posts\/493639\/revisions"}],"predecessor-version":[{"id":493641,"href":"https:\/\/diarioelpopular.com\/index.php\/wp-json\/wp\/v2\/posts\/493639\/revisions\/493641"}],"wp:attachment":[{"href":"https:\/\/diarioelpopular.com\/index.php\/wp-json\/wp\/v2\/media?parent=493639"}],"wp:term":[{"taxonomy":"category","embeddable":true,"href":"https:\/\/diarioelpopular.com\/index.php\/wp-json\/wp\/v2\/categories?post=493639"},{"taxonomy":"post_tag","embeddable":true,"href":"https:\/\/diarioelpopular.com\/index.php\/wp-json\/wp\/v2\/tags?post=493639"}],"curies":[{"name":"wp","href":"https:\/\/api.w.org\/{rel}","templated":true}]}}