{"id":493659,"date":"2020-09-04T16:36:25","date_gmt":"2020-09-04T20:36:25","guid":{"rendered":"https:\/\/diarioelpopular.com\/?p=493659"},"modified":"2020-09-04T16:36:25","modified_gmt":"2020-09-04T20:36:25","slug":"evo-morales-acusado-ante-la-cpi","status":"publish","type":"post","link":"https:\/\/diarioelpopular.com\/index.php\/2020\/09\/04\/evo-morales-acusado-ante-la-cpi\/","title":{"rendered":"Evo Morales acusado ante la CPI"},"content":{"rendered":"<div id=\"attachment_493660\" style=\"width: 310px\" class=\"wp-caption alignnone\"><img loading=\"lazy\" decoding=\"async\" aria-describedby=\"caption-attachment-493660\" class=\"size-medium wp-image-493660\" src=\"https:\/\/diarioelpopular.com\/wp-content\/uploads\/2020\/09\/139bd419040fd3e55f9c568e61f6c91e-300x200.jpg\" alt=\"\" width=\"300\" height=\"200\" \/><p id=\"caption-attachment-493660\" class=\"wp-caption-text\">Evo Morales.<\/p><\/div>\n<p><em><strong>LA PAZ, 04 SET<\/strong> <\/em>&#8211; El fiscal general Jos\u00e9 Mar\u00eda Cabrera, en nombre del Estado boliviano, present\u00f3 hoy ante la Corte Penal Internacional (CPI), con sede en La Haya, una denuncia contra el expresidente Evo Morales por delitos referidos a presuntos &#8220;actos inhumanos&#8221; que son de competencia de esta organizaci\u00f3n internacional en el marco de las protestas con bloqueos realizadas en agosto en el pa\u00eds sudamericano, report\u00f3 la agencia de prensa ABI.<br \/>\nLa denuncia, que engloba tambi\u00e9n al l\u00edder del sindicato de la Confederaci\u00f3n de Obreros de Bolivia (COB), Juan Carlos Huarachi, y al l\u00edder de cultivadores de coca, Leonardo Loza, tiene que ver con el hecho de que, seg\u00fan lo denunciado por las autoridades, los bloqueos callejeros impidieron la provisi\u00f3n de ox\u00edgeno, medicinas y alimentos a la poblaci\u00f3n.<br \/>\nLa acusaci\u00f3n fue depositada bajo la espec\u00edfica figura jur\u00eddica de &#8220;actos inhumanos (&#8230;) que intencionalmente causan gran sufrimiento o amenazan gravemente la integridad f\u00edsica o la salud mental&#8221;, y cita una serie de eventos que, seg\u00fan la Fiscal\u00eda general, llevaron a la muerte a 40 personas por falta de ox\u00edgeno.<\/p>\n","protected":false},"excerpt":{"rendered":"<p>LA PAZ, 04 SET &#8211; El fiscal general Jos\u00e9 Mar\u00eda Cabrera, en nombre del Estado boliviano, present\u00f3 hoy ante la Corte Penal Internacional (CPI), con&hellip;<\/p>\n","protected":false},"author":99,"featured_media":0,"comment_status":"open","ping_status":"open","sticky":false,"template":"","format":"standard","meta":{"footnotes":""},"categories":[23],"tags":[],"class_list":["post-493659","post","type-post","status-publish","format-standard","hentry","category-latinoamerica"],"_links":{"self":[{"href":"https:\/\/diarioelpopular.com\/index.php\/wp-json\/wp\/v2\/posts\/493659","targetHints":{"allow":["GET"]}}],"collection":[{"href":"https:\/\/diarioelpopular.com\/index.php\/wp-json\/wp\/v2\/posts"}],"about":[{"href":"https:\/\/diarioelpopular.com\/index.php\/wp-json\/wp\/v2\/types\/post"}],"author":[{"embeddable":true,"href":"https:\/\/diarioelpopular.com\/index.php\/wp-json\/wp\/v2\/users\/99"}],"replies":[{"embeddable":true,"href":"https:\/\/diarioelpopular.com\/index.php\/wp-json\/wp\/v2\/comments?post=493659"}],"version-history":[{"count":1,"href":"https:\/\/diarioelpopular.com\/index.php\/wp-json\/wp\/v2\/posts\/493659\/revisions"}],"predecessor-version":[{"id":493661,"href":"https:\/\/diarioelpopular.com\/index.php\/wp-json\/wp\/v2\/posts\/493659\/revisions\/493661"}],"wp:attachment":[{"href":"https:\/\/diarioelpopular.com\/index.php\/wp-json\/wp\/v2\/media?parent=493659"}],"wp:term":[{"taxonomy":"category","embeddable":true,"href":"https:\/\/diarioelpopular.com\/index.php\/wp-json\/wp\/v2\/categories?post=493659"},{"taxonomy":"post_tag","embeddable":true,"href":"https:\/\/diarioelpopular.com\/index.php\/wp-json\/wp\/v2\/tags?post=493659"}],"curies":[{"name":"wp","href":"https:\/\/api.w.org\/{rel}","templated":true}]}}