{"id":493698,"date":"2020-09-06T20:21:50","date_gmt":"2020-09-07T00:21:50","guid":{"rendered":"https:\/\/diarioelpopular.com\/?p=493698"},"modified":"2020-09-06T20:21:50","modified_gmt":"2020-09-07T00:21:50","slug":"el-plan-de-gastos-literalmente-aterrador-de-trudeau-tiene-a-algunos-liberales-y-burocratas-muy-preocupados","status":"publish","type":"post","link":"https:\/\/diarioelpopular.com\/index.php\/2020\/09\/06\/el-plan-de-gastos-literalmente-aterrador-de-trudeau-tiene-a-algunos-liberales-y-burocratas-muy-preocupados\/","title":{"rendered":"El plan de gastos &#8216;literalmente aterrador&#8217; de Trudeau tiene a algunos liberales y bur\u00f3cratas muy preocupados"},"content":{"rendered":"<div id=\"attachment_493699\" style=\"width: 310px\" class=\"wp-caption alignnone\"><img loading=\"lazy\" decoding=\"async\" aria-describedby=\"caption-attachment-493699\" class=\"size-medium wp-image-493699\" src=\"https:\/\/diarioelpopular.com\/wp-content\/uploads\/2020\/09\/Trudeau-Freeland-1-300x225.png\" alt=\"\" width=\"300\" height=\"225\" \/><p id=\"caption-attachment-493699\" class=\"wp-caption-text\">Trudeau y su ministra de econom\u00eda<\/p><\/div>\n<h4><em><strong>A tres semanas de que el gobierno d\u00e9 a conocer su nueva agenda, las grietas ya comienzan a asomarse<\/strong><\/em><\/h4>\n<p>El NDP se ha referido como liberales apurados.<\/p>\n<p>Pero los Nuevos Dem\u00f3cratas (NDP) tendr\u00e1n que moverse ligeramente si quieren evitar ser aplastados como Wile E. Coyote por un Partido Liberal que se desplaza r\u00e1pidamente hacia la izquierda en el discurso del trono de este mes.<\/p>\n<p>Un alto funcionario p\u00fablico describi\u00f3 el costoso programa de programas sociales que se avecinan como un &#8220;cambio estructural en la forma en que opera el gobierno en este pa\u00eds&#8221;.<\/p>\n<p>El riesgo para Justin Trudeau y la nueva ministra de Finanzas, Chrystia Freeland, es que si gastan demasiado, demasiado r\u00e1pido, podr\u00edan alejar a los \u201cliberales azules\u201d preocupados por el crecimiento econ\u00f3mico y la disciplina fiscal. Los detalles del discurso del trono siguen siendo desconocidos para todos, excepto para unos pocos, pero hay suficientes indicios generales para hacer que algunos parlamentarios y partidarios liberales, sin mencionar a los altos funcionarios p\u00fablicos, est\u00e9n realmente preocupados.<\/p>\n<p>A tres semanas de que el gobierno d\u00e9 a conocer su nueva agenda, las grietas ya comienzan a aparecer.<\/p>\n<p>Los servidores p\u00fablicos en Canad\u00e1 han operado tradicionalmente al amparo del anonimato y no tienen identidad m\u00e1s all\u00e1 de su ministro. La excepci\u00f3n ha sido el Departamento de Finanzas, que a menudo ha proporcionado una funci\u00f3n de desaf\u00edo al gobierno de turno, haciendo retroceder la avalancha de solicitudes de financiamiento de otros departamentos. La idea de que el primer ministro y el ministro de finanzas est\u00e1n tirando de los extremos opuestos de la manta quien recibi\u00f3 un golpe bajo fue Bill Morneau. Un diputado liberal llam\u00f3 a Finanzas un &#8220;estado vasallo&#8221; durante el primer mandato de Trudeau. Pero Morneau estaba decidido a imponerse durante el segundo mandato, lo que puede ser una de las razones por las que fue retirado.<\/p>\n<p>Con Trudeau y Freeland aparentemente simpaticos en el plan para &#8220;reconstruir mejor&#8221;, las preocupaciones sobre la asequibilidad en Finanzas han sido pisoteadas. &#8220;Son personas con conciencia fiscal, pero levantaron la mano y dijeron: &#8216;\u00bfCu\u00e1nto quiere gastar?&#8217; Hay un estado de des\u00e1nimo que no hab\u00eda visto en 25 a\u00f1os en Ottawa&#8221;, dijo un bur\u00f3crata de alto rango.<\/p>\n<p>La especulaci\u00f3n se ha centrado en el futuro del viceministro, Paul Rochon, con rumores de que podr\u00eda ser reemplazado por Carolyn Wilkins, vicegobernadora principal del Banco de Canad\u00e1. Wilkins fue defendido por la jefa de gabinete de Trudeau, Katie Telford, como la pr\u00f3xima gobernadora antes de que Morneau optara por Tiff Macklem, quiz\u00e1s otra raz\u00f3n por la que el exministro de Finanzas pasa m\u00e1s tiempo con su familia.<\/p>\n<p>Ni Rochon, que ha estado en su puesto durante seis a\u00f1os, ni la oficina de Freeland respondieron a las solicitudes de comentarios.<\/p>\n<p>Las preocupaciones no son solo el tama\u00f1o del paquete de gastos que se est\u00e1 considerando, sino tambi\u00e9n la naturaleza del mismo.<\/p>\n<p>Los liberales empresariales de alto nivel, que abogaron por el gasto deficitario en 2015, dicen que el enfoque ahora deber\u00eda estar en el crecimiento econ\u00f3mico, en lugar de la redistribuci\u00f3n del dinero prestado.<\/p>\n<p>\u201cLa falta de enfoque en el crecimiento es problem\u00e1tica\u201d, dijo Robert Asselin, vicepresidente senior del Consejo Empresarial de Canad\u00e1, quien anteriormente fue asesor de los primeros ministros Paul Martin y Trudeau.<\/p>\n<p>El nuevo beneficio de emergencia (CRB) de $ 400 por semana reemplazar\u00e1 al CERB a finales de este mes y costar\u00e1 $ 22 mil millones durante el pr\u00f3ximo a\u00f1o. Sin embargo, los liberales no descartaron que el cambio se hiciera permanente, creando efectivamente una renta b\u00e1sica garantizada.<\/p>\n<p>Los cr\u00edticos se\u00f1alan que, en muchos sentidos, CRB es mucho m\u00e1s generoso que CERB, que corta los beneficios despu\u00e9s de que los beneficiarios obtienen $ 1,000 en ingresos. Bajo CRB, los beneficiarios no ven su beneficio afectado hasta que ganan $ 38,000 al a\u00f1o y no lo ven recuperado por completo hasta que ganan $ 58,800. Es probable que un trabajador que reclame CRB y trabaje a tiempo parcial gane m\u00e1s que un asalariado m\u00ednimo que trabaja a tiempo completo. A medida que la recuperaci\u00f3n se afianza, la preocupaci\u00f3n de algunos economistas es que un CRB permanente ser\u00eda un desincentivo para regresar a la fuerza laboral, lo que resultar\u00eda en escasez de mano de obra.<\/p>\n","protected":false},"excerpt":{"rendered":"<p>A tres semanas de que el gobierno d\u00e9 a conocer su nueva agenda, las grietas ya comienzan a asomarse El NDP se ha referido como&hellip;<\/p>\n","protected":false},"author":99,"featured_media":0,"comment_status":"open","ping_status":"open","sticky":false,"template":"","format":"standard","meta":{"footnotes":""},"categories":[21,11191],"tags":[],"class_list":["post-493698","post","type-post","status-publish","format-standard","hentry","category-canada","category-top-news"],"_links":{"self":[{"href":"https:\/\/diarioelpopular.com\/index.php\/wp-json\/wp\/v2\/posts\/493698","targetHints":{"allow":["GET"]}}],"collection":[{"href":"https:\/\/diarioelpopular.com\/index.php\/wp-json\/wp\/v2\/posts"}],"about":[{"href":"https:\/\/diarioelpopular.com\/index.php\/wp-json\/wp\/v2\/types\/post"}],"author":[{"embeddable":true,"href":"https:\/\/diarioelpopular.com\/index.php\/wp-json\/wp\/v2\/users\/99"}],"replies":[{"embeddable":true,"href":"https:\/\/diarioelpopular.com\/index.php\/wp-json\/wp\/v2\/comments?post=493698"}],"version-history":[{"count":1,"href":"https:\/\/diarioelpopular.com\/index.php\/wp-json\/wp\/v2\/posts\/493698\/revisions"}],"predecessor-version":[{"id":493700,"href":"https:\/\/diarioelpopular.com\/index.php\/wp-json\/wp\/v2\/posts\/493698\/revisions\/493700"}],"wp:attachment":[{"href":"https:\/\/diarioelpopular.com\/index.php\/wp-json\/wp\/v2\/media?parent=493698"}],"wp:term":[{"taxonomy":"category","embeddable":true,"href":"https:\/\/diarioelpopular.com\/index.php\/wp-json\/wp\/v2\/categories?post=493698"},{"taxonomy":"post_tag","embeddable":true,"href":"https:\/\/diarioelpopular.com\/index.php\/wp-json\/wp\/v2\/tags?post=493698"}],"curies":[{"name":"wp","href":"https:\/\/api.w.org\/{rel}","templated":true}]}}