{"id":493705,"date":"2020-09-08T10:53:08","date_gmt":"2020-09-08T14:53:08","guid":{"rendered":"https:\/\/diarioelpopular.com\/?p=493705"},"modified":"2020-09-08T10:53:08","modified_gmt":"2020-09-08T14:53:08","slug":"bolivia-evo-morales-inhabilitado-para-elecciones","status":"publish","type":"post","link":"https:\/\/diarioelpopular.com\/index.php\/2020\/09\/08\/bolivia-evo-morales-inhabilitado-para-elecciones\/","title":{"rendered":"Bolivia, Evo Morales inhabilitado para elecciones"},"content":{"rendered":"<div id=\"attachment_493706\" style=\"width: 160px\" class=\"wp-caption alignnone\"><img loading=\"lazy\" decoding=\"async\" aria-describedby=\"caption-attachment-493706\" class=\"size-thumbnail wp-image-493706\" src=\"https:\/\/diarioelpopular.com\/wp-content\/uploads\/2020\/09\/404cfea8dcad1725196ec2b618fb35d7-150x150.jpg\" alt=\"\" width=\"150\" height=\"150\" \/><p id=\"caption-attachment-493706\" class=\"wp-caption-text\"><em>Evo Morales inhabilitado.<\/em><\/p><\/div>\n<h4><em><strong>La medida fue aprobada por el voto de vocal Terraza<\/strong><\/em><\/h4>\n<p><em><strong>LA PAZ, 08 SET<\/strong><\/em> &#8211; La justicia boliviana rechaz\u00f3 este lunes la habilitaci\u00f3n del expresidente Evo Morales como candidato para<br \/>\nlas pr\u00f3ximas elecciones generales a realizarse el 18 de octubre,\u00a0inform\u00f3 la prensa local.<br \/>\nLa aprobaci\u00f3n fue votada despu\u00e9s de que el vocal Alfredo\u00a0Jaimes Terraza se inclin\u00f3 por el rechazo al recurso de Amparo<br \/>\nConstitucional presentado para habilitar a Morales, luego que el\u00a0Tribunal Supremo Electoral (TSE) lo inhabilitara en febrero<br \/>\npasado por no cumplir con el requisito de la residencia de dos\u00a0a\u00f1os en el lugar de su candidatura.<br \/>\nEl ex mandatario actualmente se encuentra viviendo en\u00a0Argentina, tras su breve paso por M\u00e9xico, pa\u00eds al que viaj\u00f3 tras<br \/>\nsu renuncia en medio de una crisis postelectoral.<br \/>\nSeg\u00fan el TSE, el criterio de &#8220;residencia permanente&#8221; se basa\u00a0en tres factores: el domicilio o residencia habitual registrado<br \/>\ny declarado por el ciudadano en el padr\u00f3n electoral; que ese\u00a0lugar sea donde el candidato desarrolla su &#8220;proyecto de vida&#8221;; y<br \/>\npor \u00faltimo, que exista una &#8220;residencia efectiva&#8221; en ese\u00a0distrito.<br \/>\nDe esta manera, escribi\u00f3 el diario La Raz\u00f3n, se zanj\u00f3 el\u00a0conflicto generado por el empate en la vocaci\u00f3n de los vocales<br \/>\nconstitucionales Ren\u00e9 Delgado y Heriberto Pomier. Delgado hab\u00eda\u00a0votado por dar curso a la postulaci\u00f3n del expresidente, lo que\u00a0activ\u00f3 una serie de protestas y amenazas de procesos desde el\u00a0Gobierno y legisladores.<br \/>\nCon esta resoluci\u00f3n Morales no podr\u00e1 postularse al Senado por\u00a0la departamento (provincia) de Cochabamba.<br \/>\nPor su parte la defensa de Morales argument\u00f3 que el ex jefe\u00a0de Estado, actualmente en Argentina, huy\u00f3 del pa\u00eds por una<br \/>\nsituaci\u00f3n de &#8220;fuerza mayor&#8221; y que lo obligaron a abandonar su\u00a0cargo en noviembre de 2019, como consecuencia de las masivas\u00a0protestas en su contra que originaron una crisis social.<br \/>\nTras la decisi\u00f3n que hab\u00eda adoptado por el TSE, la defensa\u00a0legal del Movimiento al Socialismo (MAS), partido de Morales,<br \/>\ninterpuso un recurso judicial ante la Sala Constitucional\u00a0Segunda del Tribunal Departamental de Justicia para revertir el<br \/>\nfallo del \u00f3rgano electoral.<\/p>\n","protected":false},"excerpt":{"rendered":"<p>La medida fue aprobada por el voto de vocal Terraza LA PAZ, 08 SET &#8211; La justicia boliviana rechaz\u00f3 este lunes la habilitaci\u00f3n del expresidente&hellip;<\/p>\n","protected":false},"author":99,"featured_media":0,"comment_status":"open","ping_status":"open","sticky":false,"template":"","format":"standard","meta":{"footnotes":""},"categories":[23],"tags":[],"class_list":["post-493705","post","type-post","status-publish","format-standard","hentry","category-latinoamerica"],"_links":{"self":[{"href":"https:\/\/diarioelpopular.com\/index.php\/wp-json\/wp\/v2\/posts\/493705","targetHints":{"allow":["GET"]}}],"collection":[{"href":"https:\/\/diarioelpopular.com\/index.php\/wp-json\/wp\/v2\/posts"}],"about":[{"href":"https:\/\/diarioelpopular.com\/index.php\/wp-json\/wp\/v2\/types\/post"}],"author":[{"embeddable":true,"href":"https:\/\/diarioelpopular.com\/index.php\/wp-json\/wp\/v2\/users\/99"}],"replies":[{"embeddable":true,"href":"https:\/\/diarioelpopular.com\/index.php\/wp-json\/wp\/v2\/comments?post=493705"}],"version-history":[{"count":1,"href":"https:\/\/diarioelpopular.com\/index.php\/wp-json\/wp\/v2\/posts\/493705\/revisions"}],"predecessor-version":[{"id":493707,"href":"https:\/\/diarioelpopular.com\/index.php\/wp-json\/wp\/v2\/posts\/493705\/revisions\/493707"}],"wp:attachment":[{"href":"https:\/\/diarioelpopular.com\/index.php\/wp-json\/wp\/v2\/media?parent=493705"}],"wp:term":[{"taxonomy":"category","embeddable":true,"href":"https:\/\/diarioelpopular.com\/index.php\/wp-json\/wp\/v2\/categories?post=493705"},{"taxonomy":"post_tag","embeddable":true,"href":"https:\/\/diarioelpopular.com\/index.php\/wp-json\/wp\/v2\/tags?post=493705"}],"curies":[{"name":"wp","href":"https:\/\/api.w.org\/{rel}","templated":true}]}}