{"id":493720,"date":"2020-09-09T13:50:09","date_gmt":"2020-09-09T17:50:09","guid":{"rendered":"https:\/\/diarioelpopular.com\/?p=493720"},"modified":"2020-09-09T13:50:09","modified_gmt":"2020-09-09T17:50:09","slug":"vw-rompe-vinculos-por-cuadro-nazi","status":"publish","type":"post","link":"https:\/\/diarioelpopular.com\/index.php\/2020\/09\/09\/vw-rompe-vinculos-por-cuadro-nazi\/","title":{"rendered":"VW rompe v\u00ednculos por cuadro nazi"},"content":{"rendered":"<h4><img loading=\"lazy\" decoding=\"async\" class=\"alignnone size-custom-full-size wp-image-493721\" src=\"https:\/\/diarioelpopular.com\/wp-content\/uploads\/2020\/09\/7f2d99499c131b683a3fee894b9ee5e7.jpg\" alt=\"\" width=\"476\" height=\"332\" \/><\/h4>\n<h4><em><strong>Cartel exaltando a Hitler en la distribuidora mexicana gener\u00f3 repudio<\/strong><\/em><\/h4>\n<p><em><strong>CIUDAD DE MEXICO, 09 SET &#8211;<\/strong><\/em> El gigante automotriz alem\u00e1n Volkswagen (VW) rompi\u00f3 toda relaci\u00f3n comercial con una concesionaria que vende veh\u00edculos de la compa\u00f1\u00eda por exhibir en sus instalaciones un cuadro que exaltaba el nazismo.<br \/>\nLa distribuidora, ubicada en la zona de Coyoac\u00e1n, sur de la capital, fue denunciada por usuarios de redes sociales y activistas a favor de los derechos humanos por las fotos con esv\u00e1sticas que hac\u00edan apolog\u00eda del nacionalsocialismo.<br \/>\n&#8220;Colgar una esv\u00e1stica es una apolog\u00eda al peor crimen de la humanidad. Quien es antisemita es homof\u00f3bico es racista&#8221;, public\u00f3 en Twitter Adina Chelminsky.<br \/>\nEl Centro Simon Wiesenthal, que defiende los derechos de la comunidad jud\u00eda en el mundo, exigi\u00f3 a Volkswagen de M\u00e9xico romper v\u00ednculos con este concesionario.<br \/>\n&#8220;La empresa ha tomado la decisi\u00f3n de terminar con la relaci\u00f3n comercial y de negocios con la distribuidora (\u2026) reprobamos tajantemente que haya exhibido esas im\u00e1genes en sus instalaciones&#8221;, se\u00f1al\u00f3 un comunicado de VW M\u00e9xico.<br \/>\nEste cartel alude a un &#8220;r\u00e9gimen que enfatiz\u00f3 el odio y la discriminaci\u00f3n en una \u00e9poca de la historia que afortunadamente ha quedado atr\u00e1s&#8221;, agreg\u00f3.<br \/>\nLa compa\u00f1\u00eda alemana subray\u00f3 su &#8220;compromiso con los valores y el respeto al derecho inalienable de las personas por vivir en paz, libres de cualquier manifestaci\u00f3n que no respete la integridad y la vida&#8221;.<br \/>\nLos directivos y propietarios de la concesionaria hasta ahora no han formulado postura alguna.<\/p>\n","protected":false},"excerpt":{"rendered":"<p>Cartel exaltando a Hitler en la distribuidora mexicana gener\u00f3 repudio CIUDAD DE MEXICO, 09 SET &#8211; El gigante automotriz alem\u00e1n Volkswagen (VW) rompi\u00f3 toda relaci\u00f3n&hellip;<\/p>\n","protected":false},"author":99,"featured_media":0,"comment_status":"open","ping_status":"open","sticky":false,"template":"","format":"standard","meta":{"footnotes":""},"categories":[23],"tags":[],"class_list":["post-493720","post","type-post","status-publish","format-standard","hentry","category-latinoamerica"],"_links":{"self":[{"href":"https:\/\/diarioelpopular.com\/index.php\/wp-json\/wp\/v2\/posts\/493720","targetHints":{"allow":["GET"]}}],"collection":[{"href":"https:\/\/diarioelpopular.com\/index.php\/wp-json\/wp\/v2\/posts"}],"about":[{"href":"https:\/\/diarioelpopular.com\/index.php\/wp-json\/wp\/v2\/types\/post"}],"author":[{"embeddable":true,"href":"https:\/\/diarioelpopular.com\/index.php\/wp-json\/wp\/v2\/users\/99"}],"replies":[{"embeddable":true,"href":"https:\/\/diarioelpopular.com\/index.php\/wp-json\/wp\/v2\/comments?post=493720"}],"version-history":[{"count":1,"href":"https:\/\/diarioelpopular.com\/index.php\/wp-json\/wp\/v2\/posts\/493720\/revisions"}],"predecessor-version":[{"id":493722,"href":"https:\/\/diarioelpopular.com\/index.php\/wp-json\/wp\/v2\/posts\/493720\/revisions\/493722"}],"wp:attachment":[{"href":"https:\/\/diarioelpopular.com\/index.php\/wp-json\/wp\/v2\/media?parent=493720"}],"wp:term":[{"taxonomy":"category","embeddable":true,"href":"https:\/\/diarioelpopular.com\/index.php\/wp-json\/wp\/v2\/categories?post=493720"},{"taxonomy":"post_tag","embeddable":true,"href":"https:\/\/diarioelpopular.com\/index.php\/wp-json\/wp\/v2\/tags?post=493720"}],"curies":[{"name":"wp","href":"https:\/\/api.w.org\/{rel}","templated":true}]}}