{"id":493770,"date":"2020-09-11T11:12:18","date_gmt":"2020-09-11T15:12:18","guid":{"rendered":"https:\/\/diarioelpopular.com\/?p=493770"},"modified":"2020-09-11T11:12:18","modified_gmt":"2020-09-11T15:12:18","slug":"este-viernes-son-213-nuevos-casos-de-coronavirus-el-salto-mas-alto-en-un-solo-dia-desde-finales-de-junio","status":"publish","type":"post","link":"https:\/\/diarioelpopular.com\/index.php\/2020\/09\/11\/este-viernes-son-213-nuevos-casos-de-coronavirus-el-salto-mas-alto-en-un-solo-dia-desde-finales-de-junio\/","title":{"rendered":"Este viernes son 213 nuevos casos de coronavirus, el salto m\u00e1s alto en un solo d\u00eda desde finales de junio"},"content":{"rendered":"<p><img loading=\"lazy\" decoding=\"async\" class=\"alignnone size-medium wp-image-493771\" src=\"https:\/\/diarioelpopular.com\/wp-content\/uploads\/2020\/09\/Screen-Shot-2020-09-11-at-11.01.33-AM-300x153.png\" alt=\"\" width=\"300\" height=\"153\" \/><\/p>\n<p><em>Actualizado viernes 11 de septiembre de 2020 10:50 a.m.<\/em><\/p>\n<h4><em><strong>&#8211; Ontario inform\u00f3 de 213 nuevos casos del nuevo coronavirus, lo que eleva el total provincial a 44.068.<\/strong><\/em><\/h4>\n<h4><em><strong>&#8211; Quebec permitir\u00e1 que los deportes interescolares se reanuden con restricciones la pr\u00f3xima semana<\/strong><\/em><\/h4>\n<p>TORONTO.- El recuento de casos de este viernes es el mayor aumento en 24 horas desde el 29 de junio, cuando se registraron 257 casos. Sin embargo, tambi\u00e9n es la mayor cantidad de pruebas completadas en un d\u00eda en m\u00e1s de un mes.<\/p>\n<p>El n\u00famero de muertos en la provincia se ha reducido en una muerte a 2.813. Una disminuci\u00f3n en las muertes puede ser el resultado de informaci\u00f3n actualizada.<\/p>\n<p>Mientras tanto, 39.598 habitantes de Ontario se han recuperado de COVID-19, la enfermedad causada por el virus, que representa el 90 por ciento de los casos conocidos. Los casos resueltos aumentaron en 124 respecto al d\u00eda anterior.<br \/>\nEl informe provincial del viernes indica que la mayor\u00eda de los casos nuevos provienen de Toronto con 71, Peel Region con 38, Ottawa con 37, Waterloo con 15 y York Region con 14.<\/p>\n<p>\u201cA nivel local, 26 PHU [unidades de salud p\u00fablica] est\u00e1n reportando cinco o menos casos y 18 no reportan casos nuevos\u201d, dijo la ministra de Salud, Christine Elliott.<\/p>\n<p>Elliott tambi\u00e9n dijo que se procesaron m\u00e1s de 32,500 pruebas durante las \u00faltimas 24 horas.<\/p>\n<p>La provincia ha completado 3.245.837 pruebas desde que comenz\u00f3 la pandemia. Actualmente hay 31,384 personas esperando los resultados de las pruebas.<\/p>\n<p>Aqu\u00ed hay un desglose del total de casos en Ontario por g\u00e9nero y edad:<\/p>\n<p>20.677 personas son hombres, un aumento de 106 casos.<br \/>\n23.080 personas son mujeres, un aumento de 105 casos.<br \/>\n3.098 personas tienen 19 a\u00f1os o menos, un aumento de 41 casos.<br \/>\n14.073 personas tienen entre 20 y 39 a\u00f1os, un aumento de 102 casos.<br \/>\n13.039 personas tienen entre 40 y 59 a\u00f1os, un aumento de 50 casos.<br \/>\n7.720 personas tienen entre 60 y 79 a\u00f1os, un aumento de 18 casos.<br \/>\n6.131 personas tienen 80 a\u00f1os o m\u00e1s, un aumento de dos casos.<\/p>\n<p>La provincia se\u00f1ala que no todos los casos tienen una edad o sexo reportados.<\/p>\n<p>Elliott agreg\u00f3 que el 67 por ciento del recuento de casos del viernes son personas menores de 40 a\u00f1os.<\/p>\n<p>La provincia tambi\u00e9n se\u00f1ala que la cantidad de casos notificados p\u00fablicamente cada d\u00eda puede no coincidir con los recuentos de casos notificados por la unidad de salud p\u00fablica local en un d\u00eda determinado. Las unidades de salud p\u00fablica locales informan cu\u00e1ndo se les notific\u00f3 por primera vez de un caso, que puede actualizarse y cambiarse a medida que la informaci\u00f3n est\u00e9 disponible.<\/p>\n<p>Ontario tiene 49 personas hospitalizadas debido a COVID-19 (que ha bajado en cinco respecto al d\u00eda anterior), con 18 pacientes en una unidad de cuidados intensivos (hasta cuatro) y nueve pacientes en UCI con un ventilador (sin cambios).<\/p>\n<p>Las cifras recientemente reportadas para el informe del viernes son v\u00e1lidas a partir de las 2 p.m. El jueves para las unidades de salud p\u00fablica de Toronto, Ottawa y Middlesex-London, y a las 4 p.m. Jueves para el resto de la provincia.<br \/>\nSeg\u00fan el Ministerio de Atenci\u00f3n a Largo Plazo, se han reportado 1.848 muertes entre residentes y pacientes en hogares de atenci\u00f3n a largo plazo en Ontario, lo que no ha cambiado con respecto al d\u00eda anterior. Actualmente hay 17 brotes en los hogares, lo que aumenta en uno. Murieron ocho trabajadores de la salud y el personal de hogares de cuidados a largo plazo.<\/p>\n<p>El ministerio tambi\u00e9n indic\u00f3 que actualmente hay 37 casos activos entre los residentes de cuidados a largo plazo y 36 casos activos entre el personal.<\/p>\n<div id=\"attachment_493772\" style=\"width: 310px\" class=\"wp-caption alignnone\"><img loading=\"lazy\" decoding=\"async\" aria-describedby=\"caption-attachment-493772\" class=\"size-medium wp-image-493772\" src=\"https:\/\/diarioelpopular.com\/wp-content\/uploads\/2020\/09\/Screen-Shot-2020-09-11-at-11.07.19-AM-300x159.png\" alt=\"\" width=\"300\" height=\"159\" \/><p id=\"caption-attachment-493772\" class=\"wp-caption-text\"><em>El ministro de Educaci\u00f3n, Jean-Fran\u00e7ois Roberge, hizo el anuncio durante una conferencia de prensa<\/em><\/p><\/div>\n<h4><em><strong>Quebec permitir\u00e1 que los deportes interescolares se reanuden con restricciones la pr\u00f3xima semana<\/strong><\/em><\/h4>\n<p>El gobierno de Quebec anunci\u00f3 el viernes que los programas extracurriculares, incluidos los deportes interescolares, podr\u00e1n reanudarse en las escuelas el lunes.<br \/>\nLos programas Sports-\u00c9tudes y Arts-\u00c9tudes tambi\u00e9n se reanudar\u00e1n en esa fecha, el 14 de septiembre.<\/p>\n<p>El ministro de Educaci\u00f3n, Jean-Fran\u00e7ois Roberge, hizo el anuncio en una conferencia de prensa convocada antes de que la gobernante Coalici\u00f3n Avenir Qu\u00e9bec (CAQ) reanudara su reuni\u00f3n del caucus previa al per\u00edodo de sesiones en la ciudad de Quebec.<\/p>\n<p>Roberge dijo que la pandemia de coronavirus est\u00e1 generalmente &#8220;bajo control&#8221; en las escuelas de la provincia dos semanas despu\u00e9s de que la mayor\u00eda de los estudiantes regresaran a clase.<\/p>\n<p>\u201cPor supuesto, tenemos algunos peque\u00f1os fallos. No es perfecto en todo Quebec, pero cada d\u00eda estamos mejorando \u201d, dijo.<\/p>\n<p>Eso contrasta marcadamente con las advertencias del primer ministro Fran\u00e7ois Legault la semana pasada de una &#8220;relajaci\u00f3n general&#8221; en el enfoque de los quebequenses a las restricciones de salud relacionadas con la pandemia, y un aumento general en los casos de COVID-19 registrados en los \u00faltimos d\u00edas en comparaci\u00f3n con las \u00faltimas semanas del verano.<\/p>\n<p>El anuncio llega junto con la introducci\u00f3n esta semana del sistema de alerta codificado por colores de Quebec, que clasifica cada regi\u00f3n de la provincia en verde, amarillo, naranja o rojo seg\u00fan el nivel de transmisi\u00f3n comunitaria en el \u00e1rea. Solo los estudiantes en regiones determinadas como verdes o amarillas podr\u00e1n participar en actividades extracurriculares bajo las nuevas reglas.<\/p>\n<p>En este momento, tres regiones, Laval, Eastern Townships y el \u00e1rea de la ciudad de Quebec, est\u00e1n en la zona amarilla, mientras que todas las dem\u00e1s son verdes. Ninguna regi\u00f3n se considera naranja o roja en este momento.<\/p>\n<p>\u201cLlegamos con un nuevo sistema, y \u200b\u200bbasamos nuestro sistema, nuestras reglas, en este sistema del (ministerio) de salud\u201d, dijo Roberge. \u201cEntonces, en las escuelas en las zonas verdes o amarillas, los ni\u00f1os podr\u00edan ir en otros tres grupos: entonces, su clase, su equipo deportivo y otro equipo deportivo\u201d.<\/p>\n<p>&#8220;Es muy importante para los ni\u00f1os mantener su distancia social y permanecer con sus grupos&#8221;, agreg\u00f3 Roberge. La diferencia es que ahora pueden formar parte de m\u00e1s de un grupo.<\/p>\n<p>A los estudiantes ahora se les permitir\u00e1 interactuar con estudiantes en hasta otros dos grupos adem\u00e1s del suyo, siempre que su regi\u00f3n est\u00e9 ubicada en una zona verde o amarilla.<\/p>\n<p>Roberge enfatiz\u00f3 que la regla de los tres grupos se tomar\u00e1 en serio. \u201cNo solo son libres de andar y, en un d\u00eda, reunirse con otros 150 ni\u00f1os\u201d, dijo.<\/p>\n<p>El ministro agreg\u00f3 que los planes actuales est\u00e1n sujetos a cambios en funci\u00f3n de c\u00f3mo evolucione la pandemia, tanto en la provincia como en cada regi\u00f3n.<\/p>\n","protected":false},"excerpt":{"rendered":"<p>Actualizado viernes 11 de septiembre de 2020 10:50 a.m. &#8211; Ontario inform\u00f3 de 213 nuevos casos del nuevo coronavirus, lo que eleva el total provincial&hellip;<\/p>\n","protected":false},"author":99,"featured_media":0,"comment_status":"open","ping_status":"open","sticky":false,"template":"","format":"standard","meta":{"footnotes":""},"categories":[21,11191],"tags":[],"class_list":["post-493770","post","type-post","status-publish","format-standard","hentry","category-canada","category-top-news"],"_links":{"self":[{"href":"https:\/\/diarioelpopular.com\/index.php\/wp-json\/wp\/v2\/posts\/493770","targetHints":{"allow":["GET"]}}],"collection":[{"href":"https:\/\/diarioelpopular.com\/index.php\/wp-json\/wp\/v2\/posts"}],"about":[{"href":"https:\/\/diarioelpopular.com\/index.php\/wp-json\/wp\/v2\/types\/post"}],"author":[{"embeddable":true,"href":"https:\/\/diarioelpopular.com\/index.php\/wp-json\/wp\/v2\/users\/99"}],"replies":[{"embeddable":true,"href":"https:\/\/diarioelpopular.com\/index.php\/wp-json\/wp\/v2\/comments?post=493770"}],"version-history":[{"count":1,"href":"https:\/\/diarioelpopular.com\/index.php\/wp-json\/wp\/v2\/posts\/493770\/revisions"}],"predecessor-version":[{"id":493773,"href":"https:\/\/diarioelpopular.com\/index.php\/wp-json\/wp\/v2\/posts\/493770\/revisions\/493773"}],"wp:attachment":[{"href":"https:\/\/diarioelpopular.com\/index.php\/wp-json\/wp\/v2\/media?parent=493770"}],"wp:term":[{"taxonomy":"category","embeddable":true,"href":"https:\/\/diarioelpopular.com\/index.php\/wp-json\/wp\/v2\/categories?post=493770"},{"taxonomy":"post_tag","embeddable":true,"href":"https:\/\/diarioelpopular.com\/index.php\/wp-json\/wp\/v2\/tags?post=493770"}],"curies":[{"name":"wp","href":"https:\/\/api.w.org\/{rel}","templated":true}]}}