{"id":493777,"date":"2020-09-11T11:30:38","date_gmt":"2020-09-11T15:30:38","guid":{"rendered":"https:\/\/diarioelpopular.com\/?p=493777"},"modified":"2020-09-11T11:30:38","modified_gmt":"2020-09-11T15:30:38","slug":"en-segundo-dia-de-protestas-baja-la-temperatura","status":"publish","type":"post","link":"https:\/\/diarioelpopular.com\/index.php\/2020\/09\/11\/en-segundo-dia-de-protestas-baja-la-temperatura\/","title":{"rendered":"En segundo d\u00eda de protestas baja la temperatura"},"content":{"rendered":"<div id=\"attachment_493778\" style=\"width: 310px\" class=\"wp-caption alignnone\"><img loading=\"lazy\" decoding=\"async\" aria-describedby=\"caption-attachment-493778\" class=\"size-medium wp-image-493778\" src=\"https:\/\/diarioelpopular.com\/wp-content\/uploads\/2020\/09\/6dd6020b7d87969c57b2096bb3d0044d-300x200.jpg\" alt=\"\" width=\"300\" height=\"200\" \/><p id=\"caption-attachment-493778\" class=\"wp-caption-text\"><em>Contin\u00faan las protestas por la muerte de un hombre, a manos de la polic\u00eda, en Bogot\u00e1.<\/em><\/p><\/div>\n<p><em><strong>BOGOTA, 11 SET &#8211;<\/strong> <\/em>A Cali, la principal ciudad del suroeste de colombiano, se trasladaron la noche del jueves las protestas en rechazo a los desafueros policiales pero sin la gravedad de los disturbios registrados hace dos d\u00edas en Bogot\u00e1, ocasionados por la muerte del abogado Javier Ord\u00f3\u00f1ez a manos de dos uniformados.<br \/>\nEn esa ciudad los manifestantes se enfrentaron con la polic\u00eda antimotines e hicieron rayadas en una edificaci\u00f3n de las autoridades, destrozos en estaciones del servicio de transporte p\u00fablico que suspendi\u00f3 su servicio temporalmente y en dos sucursales bancarias donde hubo rotura de vidrios.<br \/>\nEn los dos d\u00edas de protestas el n\u00famero de v\u00edctimas aument\u00f3, pues ya son diez los fallecidos, siete en Bogot\u00e1 y tres en Soacha, municipio anexo a la capital.<br \/>\nDe acuerdo a un balance divulgado hoy por el ministerio de Defensa, el total de civiles lesionados es de 209 personas y son 194 los uniformados heridos.<br \/>\nA ello se suma un total de 60 instalaciones de la polic\u00eda atacadas, adem\u00e1s de 90 autobuses del servicio de transporte p\u00fablico de Bogot\u00e1 vandalizados, 13 de los cuales fueron incinerados.<br \/>\nEn las dos jornadas de protestas las autoridades arrestaron a un total de 101 personas, 11 de ellas menores de edad, de acuerdo al reporte oficial.<\/p>\n","protected":false},"excerpt":{"rendered":"<p>BOGOTA, 11 SET &#8211; A Cali, la principal ciudad del suroeste de colombiano, se trasladaron la noche del jueves las protestas en rechazo a los&hellip;<\/p>\n","protected":false},"author":99,"featured_media":0,"comment_status":"open","ping_status":"open","sticky":false,"template":"","format":"standard","meta":{"footnotes":""},"categories":[23],"tags":[],"class_list":["post-493777","post","type-post","status-publish","format-standard","hentry","category-latinoamerica"],"_links":{"self":[{"href":"https:\/\/diarioelpopular.com\/index.php\/wp-json\/wp\/v2\/posts\/493777","targetHints":{"allow":["GET"]}}],"collection":[{"href":"https:\/\/diarioelpopular.com\/index.php\/wp-json\/wp\/v2\/posts"}],"about":[{"href":"https:\/\/diarioelpopular.com\/index.php\/wp-json\/wp\/v2\/types\/post"}],"author":[{"embeddable":true,"href":"https:\/\/diarioelpopular.com\/index.php\/wp-json\/wp\/v2\/users\/99"}],"replies":[{"embeddable":true,"href":"https:\/\/diarioelpopular.com\/index.php\/wp-json\/wp\/v2\/comments?post=493777"}],"version-history":[{"count":1,"href":"https:\/\/diarioelpopular.com\/index.php\/wp-json\/wp\/v2\/posts\/493777\/revisions"}],"predecessor-version":[{"id":493779,"href":"https:\/\/diarioelpopular.com\/index.php\/wp-json\/wp\/v2\/posts\/493777\/revisions\/493779"}],"wp:attachment":[{"href":"https:\/\/diarioelpopular.com\/index.php\/wp-json\/wp\/v2\/media?parent=493777"}],"wp:term":[{"taxonomy":"category","embeddable":true,"href":"https:\/\/diarioelpopular.com\/index.php\/wp-json\/wp\/v2\/categories?post=493777"},{"taxonomy":"post_tag","embeddable":true,"href":"https:\/\/diarioelpopular.com\/index.php\/wp-json\/wp\/v2\/tags?post=493777"}],"curies":[{"name":"wp","href":"https:\/\/api.w.org\/{rel}","templated":true}]}}