{"id":493785,"date":"2020-09-12T12:02:06","date_gmt":"2020-09-12T16:02:06","guid":{"rendered":"https:\/\/diarioelpopular.com\/?p=493785"},"modified":"2020-09-12T12:02:06","modified_gmt":"2020-09-12T16:02:06","slug":"hoy-son-232-nuevos-casos-de-coronavirus-como-un-numero-record-de-pruebas-completadas","status":"publish","type":"post","link":"https:\/\/diarioelpopular.com\/index.php\/2020\/09\/12\/hoy-son-232-nuevos-casos-de-coronavirus-como-un-numero-record-de-pruebas-completadas\/","title":{"rendered":"Hoy son 232 nuevos casos de coronavirus como un n\u00famero r\u00e9cord de pruebas completadas"},"content":{"rendered":"<p><img loading=\"lazy\" decoding=\"async\" class=\"alignnone size-medium wp-image-493786\" src=\"https:\/\/diarioelpopular.com\/wp-content\/uploads\/2020\/09\/Screen-Shot-2020-09-12-at-11.54.26-AM-300x153.png\" alt=\"\" width=\"300\" height=\"153\" \/><\/p>\n<p><em>Actualizado el 12 de septiembre de 2020 10:48 a.m.<\/em><\/p>\n<h4><em><strong>Se inform\u00f3 de 232 nuevos casos este s\u00e1bado, lo que eleva el n\u00famero total de casos en la provincia a 44,300.<\/strong><\/em><\/h4>\n<p><em><strong>TORONTO.-<\/strong> <\/em>Es el segundo d\u00eda consecutivo que la provincia reporta m\u00e1s de 200 casos y tambi\u00e9n marca el mayor aumento de casos en un solo d\u00eda desde el 29 de junio, cuando se reportaron 257.<\/p>\n<p>&#8220;Toronto informa 77 casos, 62 en Peel y 27 en Ottawa&#8221;, dijo la ministra de Salud, Christine Elliott, en Twitter.<\/p>\n<p>\u201cComo ayer viernes, el 67 por ciento de los casos de hoy se dan en personas menores de 40 a\u00f1os. A nivel local, 27 unidades de salud p\u00fablica est\u00e1n notificando cinco o menos casos, y 14 no informan casos nuevos. Las hospitalizaciones, las admisiones en la UCI y los pacientes ventilados disminuyeron hoy &#8220;.<\/p>\n<p>Hay 43 personas hospitalizadas con el virus (una reducci\u00f3n de seis), 12 en cuidados intensivos (una reducci\u00f3n de seis) y ocho con ventiladores (una reducci\u00f3n de uno).<\/p>\n<p>Se han completado m\u00e1s de 35.600 pruebas adicionales, lo que es un r\u00e9cord de un solo d\u00eda para la provincia. Ontario ha realizado ahora 3.281.455 pruebas.<\/p>\n<p>Se considera resuelto un total de 39.717 casos, lo que representa poco menos del 90% de todos los casos confirmados.<\/p>\n<p>Tambi\u00e9n se anunci\u00f3 una nueva muerte el s\u00e1bado, lo que eleva el n\u00famero de muertos en la provincia a 2.814.<\/p>\n<p>Los n\u00fameros reci\u00e9n reportados son v\u00e1lidos a partir de las 2 p.m. Viernes para Toronto, Ottawa y Londres y 4 p.m. para el resto de la provincia.<br \/>\nLa provincia se\u00f1ala que no todos los casos tienen una edad o sexo reportados.<\/p>\n<p>Seg\u00fan el Ministerio de Cuidados a Largo Plazo, se han reportado 1.848 muertes entre residentes y pacientes en hogares de cuidados a largo plazo en Ontario; esa cifra no ha cambiado en muchos d\u00edas. Actualmente hay 17 brotes en hogares de cuidados a largo plazo.<\/p>\n<p>Hay 37 casos activos entre los residentes de cuidados de larga duraci\u00f3n y 39 entre el personal.<\/p>\n","protected":false},"excerpt":{"rendered":"<p>Actualizado el 12 de septiembre de 2020 10:48 a.m. Se inform\u00f3 de 232 nuevos casos este s\u00e1bado, lo que eleva el n\u00famero total de casos&hellip;<\/p>\n","protected":false},"author":99,"featured_media":0,"comment_status":"open","ping_status":"open","sticky":false,"template":"","format":"standard","meta":{"footnotes":""},"categories":[21,11191],"tags":[],"class_list":["post-493785","post","type-post","status-publish","format-standard","hentry","category-canada","category-top-news"],"_links":{"self":[{"href":"https:\/\/diarioelpopular.com\/index.php\/wp-json\/wp\/v2\/posts\/493785","targetHints":{"allow":["GET"]}}],"collection":[{"href":"https:\/\/diarioelpopular.com\/index.php\/wp-json\/wp\/v2\/posts"}],"about":[{"href":"https:\/\/diarioelpopular.com\/index.php\/wp-json\/wp\/v2\/types\/post"}],"author":[{"embeddable":true,"href":"https:\/\/diarioelpopular.com\/index.php\/wp-json\/wp\/v2\/users\/99"}],"replies":[{"embeddable":true,"href":"https:\/\/diarioelpopular.com\/index.php\/wp-json\/wp\/v2\/comments?post=493785"}],"version-history":[{"count":1,"href":"https:\/\/diarioelpopular.com\/index.php\/wp-json\/wp\/v2\/posts\/493785\/revisions"}],"predecessor-version":[{"id":493787,"href":"https:\/\/diarioelpopular.com\/index.php\/wp-json\/wp\/v2\/posts\/493785\/revisions\/493787"}],"wp:attachment":[{"href":"https:\/\/diarioelpopular.com\/index.php\/wp-json\/wp\/v2\/media?parent=493785"}],"wp:term":[{"taxonomy":"category","embeddable":true,"href":"https:\/\/diarioelpopular.com\/index.php\/wp-json\/wp\/v2\/categories?post=493785"},{"taxonomy":"post_tag","embeddable":true,"href":"https:\/\/diarioelpopular.com\/index.php\/wp-json\/wp\/v2\/tags?post=493785"}],"curies":[{"name":"wp","href":"https:\/\/api.w.org\/{rel}","templated":true}]}}