{"id":493792,"date":"2020-09-13T10:40:38","date_gmt":"2020-09-13T14:40:38","guid":{"rendered":"https:\/\/diarioelpopular.com\/?p=493792"},"modified":"2020-09-13T10:40:38","modified_gmt":"2020-09-13T14:40:38","slug":"cuba-suspende-el-transporte-entre-provincias","status":"publish","type":"post","link":"https:\/\/diarioelpopular.com\/index.php\/2020\/09\/13\/cuba-suspende-el-transporte-entre-provincias\/","title":{"rendered":"Cuba suspende el transporte entre provincias"},"content":{"rendered":"<div id=\"attachment_493793\" style=\"width: 310px\" class=\"wp-caption alignnone\"><img loading=\"lazy\" decoding=\"async\" aria-describedby=\"caption-attachment-493793\" class=\"size-medium wp-image-493793\" src=\"https:\/\/diarioelpopular.com\/wp-content\/uploads\/2020\/09\/830cf23899a349364112746b6acd7a11-300x200.jpg\" alt=\"\" width=\"300\" height=\"200\" \/><p id=\"caption-attachment-493793\" class=\"wp-caption-text\"><em>Limitaciones al transporte en Cuba para frenar la expansi\u00f3n del sARS-CoV-2<\/em><\/p><\/div>\n<p><em><strong>LA HABANA, 13 SET &#8211;<\/strong><\/em> El transporte interprovincial de pasajeros tanto estatal como privado fue suspendido en Cuba como otro paso contra la epidemia de la Covid-19, que hoy mantiene a 644 casos activos en los hospitales nacionales.<br \/>\n&#8220;Se hace un llamado a la poblaci\u00f3n a cumplir las medidas sanitarias dispuestas, tales como el uso obligatorio del nasobuco, la desinfecci\u00f3n sistem\u00e1tica, el distanciamiento f\u00edsico y las normas de ocupaci\u00f3n de los medios de transporte&#8221; exhortaron las autoridades mediante la prensa local.<br \/>\nLa Habana con una expansi\u00f3n de la Covid-19, llev\u00f3 a las autoridades a aplicar desde el 1 de septiembre medidas excepcionales que incluyeron un confinamiento mayor de la poblaci\u00f3n de la ciudad.<br \/>\nEntre esas reglas est\u00e1 una prohibici\u00f3n total de transe\u00fantes y veh\u00edculos desde las 1900 a las 0500 del otro d\u00eda.<br \/>\nLas regulaciones habaneras se han expandido hasta el d\u00eda 30 pr\u00f3ximo.<br \/>\nDurante el fin de semana murieron dos personas el s\u00e1bado en la isla con 60 nuevos casos y el domingo se registr\u00f3 una mejor\u00eda sin fallecimientos, con 31 contagiados en las \u00faltimas horas.<br \/>\nLa capital cubana, de alrededor de dos millones de habitantes, tuvo 437 casos activos en los \u00faltimos 15 d\u00edas en tanto que la localidad de Ciego de \u00c1vila, en la regi\u00f3n central isle\u00f1a, tuvo 154 enfermos tambi\u00e9n en las \u00faltimas dos semanas.<br \/>\nEl presidente Miguel D\u00edaz-Canel expuso el s\u00e1bado que la complejidad de la situaci\u00f3n epidemiol\u00f3gica en Cuba &#8220;no est\u00e1 solo en la cantidad de casos, sino en la manera en que logramos que las personas no entren en los estadios de gravedad con el uso de nuestros protocolos, y los podamos salvar&#8221;.<\/p>\n","protected":false},"excerpt":{"rendered":"<p>LA HABANA, 13 SET &#8211; El transporte interprovincial de pasajeros tanto estatal como privado fue suspendido en Cuba como otro paso contra la epidemia de&hellip;<\/p>\n","protected":false},"author":99,"featured_media":0,"comment_status":"open","ping_status":"open","sticky":false,"template":"","format":"standard","meta":{"footnotes":""},"categories":[23],"tags":[],"class_list":["post-493792","post","type-post","status-publish","format-standard","hentry","category-latinoamerica"],"_links":{"self":[{"href":"https:\/\/diarioelpopular.com\/index.php\/wp-json\/wp\/v2\/posts\/493792","targetHints":{"allow":["GET"]}}],"collection":[{"href":"https:\/\/diarioelpopular.com\/index.php\/wp-json\/wp\/v2\/posts"}],"about":[{"href":"https:\/\/diarioelpopular.com\/index.php\/wp-json\/wp\/v2\/types\/post"}],"author":[{"embeddable":true,"href":"https:\/\/diarioelpopular.com\/index.php\/wp-json\/wp\/v2\/users\/99"}],"replies":[{"embeddable":true,"href":"https:\/\/diarioelpopular.com\/index.php\/wp-json\/wp\/v2\/comments?post=493792"}],"version-history":[{"count":1,"href":"https:\/\/diarioelpopular.com\/index.php\/wp-json\/wp\/v2\/posts\/493792\/revisions"}],"predecessor-version":[{"id":493794,"href":"https:\/\/diarioelpopular.com\/index.php\/wp-json\/wp\/v2\/posts\/493792\/revisions\/493794"}],"wp:attachment":[{"href":"https:\/\/diarioelpopular.com\/index.php\/wp-json\/wp\/v2\/media?parent=493792"}],"wp:term":[{"taxonomy":"category","embeddable":true,"href":"https:\/\/diarioelpopular.com\/index.php\/wp-json\/wp\/v2\/categories?post=493792"},{"taxonomy":"post_tag","embeddable":true,"href":"https:\/\/diarioelpopular.com\/index.php\/wp-json\/wp\/v2\/tags?post=493792"}],"curies":[{"name":"wp","href":"https:\/\/api.w.org\/{rel}","templated":true}]}}